{"id":111465,"date":"2023-06-26T17:36:30","date_gmt":"2023-06-26T20:36:30","guid":{"rendered":"https:\/\/tvtecjundiai.com.br\/news\/?p=111465"},"modified":"2023-06-26T17:36:31","modified_gmt":"2023-06-26T20:36:31","slug":"programa-possibilita-oportunidades-de-emprego-para-inscritos-no-cadastro-unico","status":"publish","type":"post","link":"https:\/\/tvtecjundiai.com.br\/news\/2023\/06\/26\/programa-possibilita-oportunidades-de-emprego-para-inscritos-no-cadastro-unico\/","title":{"rendered":"Programa possibilita oportunidades de emprego para inscritos no Cadastro \u00danico"},"content":{"rendered":"\n<p>Na \u00faltima sexta-feira (23), foi celebrado um acordo de coopera\u00e7\u00e3o entre o Minist\u00e9rio do Desenvolvimento e Assist\u00eancia Social, Fam\u00edlia e Combate \u00e0 Fome (MDS) e a Coca-Cola FEMSA Brasil, com o apoio da Unidade de Assist\u00eancia e Desenvolvimento Social (UGADS) de Jundia\u00ed, para inclus\u00e3o de pessoas inscritas no Cadastro \u00danico em vagas de emprego em unidades do grupo. O evento, realizado na f\u00e1brica da empresa na cidade, contou com a presen\u00e7a do Ministro Wellington Dias, da gestora da UGADS, Maria Brant, e de funcion\u00e1rios da companhia.<\/p>\n\n\n\n<p>Em Jundia\u00ed, s\u00e3o 16.222 fam\u00edlias cadastradas inseridas no Cad\u00danico. Dessas, 6.616 benefici\u00e1rias do Bolsa Fam\u00edlia. \u201cEnquanto pol\u00edtica p\u00fablica, oportunizar postos de trabalho e de gera\u00e7\u00e3o de renda \u00e9 muito importante. \u00c9 uma porta de entrada para o mercado de trabalho, principalmente \u00e0s pessoas em vulnerabilidade e que est\u00e3o sendo atendidas pela Assist\u00eancia Social\u201d, disse a gestora da UGADS, Maria Brant.<\/p>\n\n\n<div class=\"wp-block-image\">\n<figure class=\"aligncenter size-large\"><img loading=\"lazy\" decoding=\"async\" width=\"1200\" height=\"801\" src=\"https:\/\/tvtecjundiai.com.br\/news\/wp-content\/uploads\/sites\/2\/2023\/06\/gestora_ugads_maria_brandt_ugads_ministro_assinam_cooperacao_cocacola_pa-63-1280x854-1-1200x801.jpg\" alt=\"\" class=\"wp-image-111466\" srcset=\"https:\/\/tvtecjundiai.com.br\/news\/wp-content\/uploads\/sites\/2\/2023\/06\/gestora_ugads_maria_brandt_ugads_ministro_assinam_cooperacao_cocacola_pa-63-1280x854-1-1200x801.jpg 1200w, https:\/\/tvtecjundiai.com.br\/news\/wp-content\/uploads\/sites\/2\/2023\/06\/gestora_ugads_maria_brandt_ugads_ministro_assinam_cooperacao_cocacola_pa-63-1280x854-1-300x200.jpg 300w, https:\/\/tvtecjundiai.com.br\/news\/wp-content\/uploads\/sites\/2\/2023\/06\/gestora_ugads_maria_brandt_ugads_ministro_assinam_cooperacao_cocacola_pa-63-1280x854-1-768x512.jpg 768w, https:\/\/tvtecjundiai.com.br\/news\/wp-content\/uploads\/sites\/2\/2023\/06\/gestora_ugads_maria_brandt_ugads_ministro_assinam_cooperacao_cocacola_pa-63-1280x854-1.jpg 1280w\" sizes=\"auto, (max-width: 1200px) 100vw, 1200px\" \/><figcaption class=\"wp-element-caption\">Acordo de coopera\u00e7\u00e3o foi celebrado entre o Poder P\u00fablico e a iniciativa privada<\/figcaption><\/figure>\n<\/div>\n\n\n<p>\u00c9 o caso da jovem Rosana Feitosa Alves, que \u00e9 de Jundia\u00ed e recebeu a carteira de trabalho assinada como assistente de manufatura na f\u00e1brica. \u201cEssa iniciativa vai ajudar muito a popula\u00e7\u00e3o que est\u00e1 numa situa\u00e7\u00e3o de vulnerabilidade. Estou muito feliz com essa oportunidade de emprego\u201d, afirmou.<\/p>\n\n\n\n<p>A Unidade de Assist\u00eancia e Desenvolvimento Social de Jundia\u00ed, atrav\u00e9s do \u201cPrograma Acessuas\u201d, realiza encontros peri\u00f3dicos com pessoas inseridas no Cad\u00danico e promove a prepara\u00e7\u00e3o da popula\u00e7\u00e3o para o mercado de trabalho, como a orienta\u00e7\u00e3o sobre como montar um curr\u00edculo, dicas de como se comportar em uma entrevista de emprego e posterior preenchimento de formul\u00e1rio com indica\u00e7\u00e3o de perfil para o mercado. As pessoas que participam desses encontros, em caso de oportunidades de emprego, s\u00e3o indicadas para os processos seletivos das empresas.<\/p>\n\n\n\n<p>\u201cEstamos celebrando os primeiros empregos dentro dos compromissos com o setor privado. E Jundia\u00ed tem a maior f\u00e1brica da Coca-Cola do mundo em volume de produ\u00e7\u00e3o. O grupo \u00e9 capaz de gerar muitas vagas e essa integra\u00e7\u00e3o de setor p\u00fablico e setor privado \u00e9 muito importante para que os munic\u00edpios, estados e Governo Federal possam ajudar a tirar as pessoas da pobreza, por meio de uma renda sustent\u00e1vel\u201d, completou o ministro Wellington Dias.<\/p>\n\n\n<div class=\"wp-block-image\">\n<figure class=\"aligncenter size-large\"><img loading=\"lazy\" decoding=\"async\" width=\"1200\" height=\"801\" src=\"https:\/\/tvtecjundiai.com.br\/news\/wp-content\/uploads\/sites\/2\/2023\/06\/gestora_ugads_maria_brandt_ugads_ministro_assinam_cooperacao_cocacola_pa-90-1-1280x854-1-1200x801.jpg\" alt=\"\" class=\"wp-image-111467\" srcset=\"https:\/\/tvtecjundiai.com.br\/news\/wp-content\/uploads\/sites\/2\/2023\/06\/gestora_ugads_maria_brandt_ugads_ministro_assinam_cooperacao_cocacola_pa-90-1-1280x854-1-1200x801.jpg 1200w, https:\/\/tvtecjundiai.com.br\/news\/wp-content\/uploads\/sites\/2\/2023\/06\/gestora_ugads_maria_brandt_ugads_ministro_assinam_cooperacao_cocacola_pa-90-1-1280x854-1-300x200.jpg 300w, https:\/\/tvtecjundiai.com.br\/news\/wp-content\/uploads\/sites\/2\/2023\/06\/gestora_ugads_maria_brandt_ugads_ministro_assinam_cooperacao_cocacola_pa-90-1-1280x854-1-768x512.jpg 768w, https:\/\/tvtecjundiai.com.br\/news\/wp-content\/uploads\/sites\/2\/2023\/06\/gestora_ugads_maria_brandt_ugads_ministro_assinam_cooperacao_cocacola_pa-90-1-1280x854-1.jpg 1280w\" sizes=\"auto, (max-width: 1200px) 100vw, 1200px\" \/><figcaption class=\"wp-element-caption\">Gestora da UGADS, Maria Brant, fala das Pol\u00edticas P\u00fablicas de Assist\u00eancia Social em Jundia\u00ed<\/figcaption><\/figure>\n<\/div>\n\n\n<p>\u201cO crescimento socioecon\u00f4mico das comunidades onde atuamos \u00e9 um pilar estrat\u00e9gico da Coca-Cola FEMSA Brasil. Por meio dessa parceria, contribu\u00edmos para a gera\u00e7\u00e3o de empregos e renda nessas comunidades, ao mesmo tempo em que continuamos trabalhando para o desenvolvimento e prosperidade das pessoas\u201d, afirma Camila Amaral, vice-presidente Jur\u00eddico e de Assuntos Corporativos da Coca-Cola FEMSA Brasil.<\/p>\n\n\n\n<p>O secret\u00e1rio-executivo do Minist\u00e9rio do Desenvolvimento, Ind\u00fastria e Com\u00e9rcio Exterior, M\u00e1rcio Fernando Elias Rosa, tamb\u00e9m esteve presente.<\/p>\n\n\n\n<p><strong><em>Fonte \/ Imagem: Prefeitura de Jundia\u00ed<\/em><\/strong><\/p>\n","protected":false},"excerpt":{"rendered":"<p>Acordo de coopera\u00e7\u00e3o foi celebrado entre o Poder P\u00fablico e a iniciativa privada<\/p>\n","protected":false},"author":30,"featured_media":111467,"comment_status":"closed","ping_status":"0","sticky":false,"template":"","format":"standard","meta":{"footnotes":""},"categories":[5038,8356,1],"tags":[],"class_list":["post-111465","post","type-post","status-publish","format-standard","has-post-thumbnail","hentry","category-emprego","category-jundiai","category-noticias"],"_links":{"self":[{"href":"https:\/\/tvtecjundiai.com.br\/news\/wp-json\/wp\/v2\/posts\/111465","targetHints":{"allow":["GET"]}}],"collection":[{"href":"https:\/\/tvtecjundiai.com.br\/news\/wp-json\/wp\/v2\/posts"}],"about":[{"href":"https:\/\/tvtecjundiai.com.br\/news\/wp-json\/wp\/v2\/types\/post"}],"author":[{"embeddable":true,"href":"https:\/\/tvtecjundiai.com.br\/news\/wp-json\/wp\/v2\/users\/30"}],"replies":[{"embeddable":true,"href":"https:\/\/tvtecjundiai.com.br\/news\/wp-json\/wp\/v2\/comments?post=111465"}],"version-history":[{"count":1,"href":"https:\/\/tvtecjundiai.com.br\/news\/wp-json\/wp\/v2\/posts\/111465\/revisions"}],"predecessor-version":[{"id":111468,"href":"https:\/\/tvtecjundiai.com.br\/news\/wp-json\/wp\/v2\/posts\/111465\/revisions\/111468"}],"wp:featuredmedia":[{"embeddable":true,"href":"https:\/\/tvtecjundiai.com.br\/news\/wp-json\/wp\/v2\/media\/111467"}],"wp:attachment":[{"href":"https:\/\/tvtecjundiai.com.br\/news\/wp-json\/wp\/v2\/media?parent=111465"}],"wp:term":[{"taxonomy":"category","embeddable":true,"href":"https:\/\/tvtecjundiai.com.br\/news\/wp-json\/wp\/v2\/categories?post=111465"},{"taxonomy":"post_tag","embeddable":true,"href":"https:\/\/tvtecjundiai.com.br\/news\/wp-json\/wp\/v2\/tags?post=111465"}],"curies":[{"name":"wp","href":"https:\/\/api.w.org\/{rel}","templated":true}]}}