{"id":111469,"date":"2023-06-27T09:30:08","date_gmt":"2023-06-27T12:30:08","guid":{"rendered":"https:\/\/tvtecjundiai.com.br\/news\/?p=111469"},"modified":"2023-06-27T09:30:09","modified_gmt":"2023-06-27T12:30:09","slug":"novo-predio-do-napd-passa-por-adaptacoes","status":"publish","type":"post","link":"https:\/\/tvtecjundiai.com.br\/news\/2023\/06\/27\/novo-predio-do-napd-passa-por-adaptacoes\/","title":{"rendered":"Novo pr\u00e9dio do NAPD passa por adapta\u00e7\u00f5es"},"content":{"rendered":"\n<p>A obra do novo pr\u00e9dio do N\u00facleo de Assist\u00eancia \u00e0 Pessoa com Defici\u00eancia (NAPD) segue avan\u00e7ando, com ajustes na estrutura do im\u00f3vel para garantir acessibilidade e conforto aos usu\u00e1rios do servi\u00e7o. A entrega est\u00e1 prevista para o segundo semestre.<\/p>\n\n\n\n<p>Localizado na mesma regi\u00e3o em que est\u00e1 o servi\u00e7o neste momento \u2013 no bairro Anhangaba\u00fa -, o pr\u00e9dio recebe investimento de cerca de R$ 275 mil para as adapta\u00e7\u00f5es. A estrutura ser\u00e1 o dobro da atual, com nove salas de atendimento, tr\u00eas salas de espera, uma sala para atividades coletivas, corredores amplos, al\u00e9m de uma entrada exclusiva para ambul\u00e2ncias e um sanit\u00e1rio para pessoas ostomizadas, uma novidade no Munic\u00edpio.<\/p>\n\n\n<div class=\"wp-block-image\">\n<figure class=\"aligncenter size-large\"><img loading=\"lazy\" decoding=\"async\" width=\"1200\" height=\"801\" src=\"https:\/\/tvtecjundiai.com.br\/news\/wp-content\/uploads\/sites\/2\/2023\/06\/obras_napd_m_-34-1-1280x854-1-1200x801.jpg\" alt=\"\" class=\"wp-image-111470\" srcset=\"https:\/\/tvtecjundiai.com.br\/news\/wp-content\/uploads\/sites\/2\/2023\/06\/obras_napd_m_-34-1-1280x854-1-1200x801.jpg 1200w, https:\/\/tvtecjundiai.com.br\/news\/wp-content\/uploads\/sites\/2\/2023\/06\/obras_napd_m_-34-1-1280x854-1-300x200.jpg 300w, https:\/\/tvtecjundiai.com.br\/news\/wp-content\/uploads\/sites\/2\/2023\/06\/obras_napd_m_-34-1-1280x854-1-768x512.jpg 768w, https:\/\/tvtecjundiai.com.br\/news\/wp-content\/uploads\/sites\/2\/2023\/06\/obras_napd_m_-34-1-1280x854-1.jpg 1280w\" sizes=\"auto, (max-width: 1200px) 100vw, 1200px\" \/><figcaption class=\"wp-element-caption\">O im\u00f3vel recebe v\u00e1rias adequa\u00e7\u00f5es e contar\u00e1 com entrada exclusiva para ambul\u00e2ncias<\/figcaption><\/figure>\n<\/div>\n\n\n<p>\u201cTeremos ambientes reformulados, com m\u00f3veis novos, juntamente com a implanta\u00e7\u00e3o do prontu\u00e1rio eletr\u00f4nico, garantindo o acesso de maneira integral, humanizada e acolhedora aos usu\u00e1rios. \u00c9 um espa\u00e7o que fortalece o trabalho ao enxergar, em cada adapta\u00e7\u00e3o, a particularidade dos pacientes\u201d, enfatiza a diretora do Departamento de Aten\u00e7\u00e3o Ambulatorial e Hospitalar, Daniele Cristina Evangelista.<\/p>\n\n\n\n<p>A gerente do NAPD, Vanessa Vicentini, destaca a import\u00e2ncia da rede de sa\u00fade pensar e disponibilizar o primeiro sanit\u00e1rio voltado para ostomizados. \u201c\u00c9 mais um detalhe na obra que qualifica o atendimento e possibilita a amplia\u00e7\u00e3o da oferta de cuidados. Esse sanit\u00e1rio, com um modelo diferenciado, possibilita que o paciente realize os procedimentos e os treinamentos com a equipe de enfermagem. Ser\u00e1 um ganho extremamente importante. Jundia\u00ed \u00e9 refer\u00eancia para o atendimento de ostomizados\u201d, comemora.<\/p>\n\n\n<div class=\"wp-block-image\">\n<figure class=\"aligncenter size-large\"><img loading=\"lazy\" decoding=\"async\" width=\"1200\" height=\"801\" src=\"https:\/\/tvtecjundiai.com.br\/news\/wp-content\/uploads\/sites\/2\/2023\/06\/obras_napd_m_-46-1-1280x854-1-1200x801.jpg\" alt=\"\" class=\"wp-image-111471\" srcset=\"https:\/\/tvtecjundiai.com.br\/news\/wp-content\/uploads\/sites\/2\/2023\/06\/obras_napd_m_-46-1-1280x854-1-1200x801.jpg 1200w, https:\/\/tvtecjundiai.com.br\/news\/wp-content\/uploads\/sites\/2\/2023\/06\/obras_napd_m_-46-1-1280x854-1-300x200.jpg 300w, https:\/\/tvtecjundiai.com.br\/news\/wp-content\/uploads\/sites\/2\/2023\/06\/obras_napd_m_-46-1-1280x854-1-768x512.jpg 768w, https:\/\/tvtecjundiai.com.br\/news\/wp-content\/uploads\/sites\/2\/2023\/06\/obras_napd_m_-46-1-1280x854-1.jpg 1280w\" sizes=\"auto, (max-width: 1200px) 100vw, 1200px\" \/><figcaption class=\"wp-element-caption\">No novo im\u00f3vel, o servi\u00e7o ter\u00e1 um sanit\u00e1rio preparado para ostomizados<\/figcaption><\/figure>\n<\/div>\n\n\n<p>Atualmente, o N\u00facleo de Assist\u00eancia \u00e0 Pessoa com Defici\u00eancia possui cerca de 10,7 mil prontu\u00e1rios ativos, sendo refer\u00eancia para o atendimento de pacientes com sequelas neurol\u00f3gicas, malforma\u00e7\u00e3o cong\u00eanita, doen\u00e7as progressivas e amputados da microrregi\u00e3o, formada por sete cidades. A equipe \u00e9 multiprofissional, sendo formada por fisioterapeutas, enfermeiros, fonoaudi\u00f3logos, terapeutas ocupacionais, assistentes sociais e nutricionistas.<\/p>\n\n\n\n<p>\u201cA gest\u00e3o do prefeito Luiz Fernando tem um projeto de sa\u00fade pensado para d\u00e9cadas. Seguimos investindo em obras em v\u00e1rias regi\u00f5es, ampliando e melhorando os servi\u00e7os com vistas na promo\u00e7\u00e3o da sa\u00fade da popula\u00e7\u00e3o, a partir de equipamentos resolutivos tanto na aten\u00e7\u00e3o b\u00e1sica, como nas redes ambulatoriais e hospitalares. A obra do NAPD era um anseio e que, com planejamento e organiza\u00e7\u00e3o, avan\u00e7a\u201d, acrescenta o gestor de Promo\u00e7\u00e3o da Sa\u00fade, Tiago Texera.<\/p>\n\n\n\n<p><em><strong>Fonte \/ Imagem: Prefeitura de Jundia\u00ed<\/strong><\/em><\/p>\n","protected":false},"excerpt":{"rendered":"<p>No novo im\u00f3vel, o servi\u00e7o ter\u00e1 um sanit\u00e1rio preparado para ostomizados<\/p>\n","protected":false},"author":30,"featured_media":111471,"comment_status":"closed","ping_status":"0","sticky":false,"template":"","format":"standard","meta":{"footnotes":""},"categories":[8356,1],"tags":[],"class_list":["post-111469","post","type-post","status-publish","format-standard","has-post-thumbnail","hentry","category-jundiai","category-noticias"],"_links":{"self":[{"href":"https:\/\/tvtecjundiai.com.br\/news\/wp-json\/wp\/v2\/posts\/111469","targetHints":{"allow":["GET"]}}],"collection":[{"href":"https:\/\/tvtecjundiai.com.br\/news\/wp-json\/wp\/v2\/posts"}],"about":[{"href":"https:\/\/tvtecjundiai.com.br\/news\/wp-json\/wp\/v2\/types\/post"}],"author":[{"embeddable":true,"href":"https:\/\/tvtecjundiai.com.br\/news\/wp-json\/wp\/v2\/users\/30"}],"replies":[{"embeddable":true,"href":"https:\/\/tvtecjundiai.com.br\/news\/wp-json\/wp\/v2\/comments?post=111469"}],"version-history":[{"count":1,"href":"https:\/\/tvtecjundiai.com.br\/news\/wp-json\/wp\/v2\/posts\/111469\/revisions"}],"predecessor-version":[{"id":111472,"href":"https:\/\/tvtecjundiai.com.br\/news\/wp-json\/wp\/v2\/posts\/111469\/revisions\/111472"}],"wp:featuredmedia":[{"embeddable":true,"href":"https:\/\/tvtecjundiai.com.br\/news\/wp-json\/wp\/v2\/media\/111471"}],"wp:attachment":[{"href":"https:\/\/tvtecjundiai.com.br\/news\/wp-json\/wp\/v2\/media?parent=111469"}],"wp:term":[{"taxonomy":"category","embeddable":true,"href":"https:\/\/tvtecjundiai.com.br\/news\/wp-json\/wp\/v2\/categories?post=111469"},{"taxonomy":"post_tag","embeddable":true,"href":"https:\/\/tvtecjundiai.com.br\/news\/wp-json\/wp\/v2\/tags?post=111469"}],"curies":[{"name":"wp","href":"https:\/\/api.w.org\/{rel}","templated":true}]}}