{"id":111478,"date":"2023-06-27T10:35:11","date_gmt":"2023-06-27T13:35:11","guid":{"rendered":"https:\/\/tvtecjundiai.com.br\/news\/?p=111478"},"modified":"2023-06-27T10:35:12","modified_gmt":"2023-06-27T13:35:12","slug":"tauste-supermercados-esta-com-vagas-de-emprego-abertas-em-jundiai-4","status":"publish","type":"post","link":"https:\/\/tvtecjundiai.com.br\/news\/2023\/06\/27\/tauste-supermercados-esta-com-vagas-de-emprego-abertas-em-jundiai-4\/","title":{"rendered":"Tauste Supermercados est\u00e1 com vagas de emprego abertas em Jundia\u00ed"},"content":{"rendered":"\n<p>O Tauste Supermercados de Jundia\u00ed, localizado na avenida Ant\u00f4nio Segre, 79, est\u00e1 com 10 vagas de emprego abertas em diferentes \u00e1reas. As oportunidades s\u00e3o para empacotador a m\u00e3o, atendente do setor de frios e latic\u00ednios, ajudante de a\u00e7ougueiro e auxiliar de limpeza.<\/p>\n\n\n\n<p>Os interessados podem se inscrever pelo\u00a0<a href=\"https:\/\/web.jundiai.sp.gov.br\/PMJ\/emprega\/Vaga#\">portal Jundia\u00ed Empreendedora<\/a>, da Prefeitura de Jundia\u00ed. Basta digitar \u201cTauste\u201d na \u00e1rea de pesquisa e clicar em \u201cBuscar\u201d. \u00c9 necess\u00e1rio ter disponibilidade para trabalhar aos finais de semana.<\/p>\n\n\n<div class=\"wp-block-image\">\n<figure class=\"aligncenter size-full is-resized\"><img loading=\"lazy\" decoding=\"async\" src=\"https:\/\/tvtecjundiai.com.br\/news\/wp-content\/uploads\/sites\/2\/2019\/05\/tauste.jpg\" alt=\"\" class=\"wp-image-29680\" width=\"697\" height=\"461\" srcset=\"https:\/\/tvtecjundiai.com.br\/news\/wp-content\/uploads\/sites\/2\/2019\/05\/tauste.jpg 833w, https:\/\/tvtecjundiai.com.br\/news\/wp-content\/uploads\/sites\/2\/2019\/05\/tauste-300x198.jpg 300w, https:\/\/tvtecjundiai.com.br\/news\/wp-content\/uploads\/sites\/2\/2019\/05\/tauste-768x508.jpg 768w\" sizes=\"auto, (max-width: 697px) 100vw, 697px\" \/><\/figure>\n<\/div>\n\n\n<p><\/p>\n\n\n\n<p><strong>Vagas \u2013 Tauste Supermercados<\/strong><\/p>\n\n\n\n<p>Empacotador a m\u00e3o \u2013 2 vagas<\/p>\n\n\n\n<p>Atendente do setor de frios e latic\u00ednios \u2013 2 vagas<\/p>\n\n\n\n<p>Ajudante de a\u00e7ougueiro \u2013 2 vagas<\/p>\n\n\n\n<p>Auxiliar de limpeza \u2013 4 vagas<\/p>\n\n\n\n<p><strong><em>(Fonte: TVTEC Jundia\u00ed\/Imagem: Divulga\u00e7\u00e3o\/Tauste Supermercados)<\/em><\/strong><\/p>\n","protected":false},"excerpt":{"rendered":"<p>Os interessados podem se inscrever pelo\u00a0portal Jundia\u00ed Empreendedora<\/p>\n","protected":false},"author":30,"featured_media":29680,"comment_status":"closed","ping_status":"0","sticky":false,"template":"","format":"standard","meta":{"footnotes":""},"categories":[5038,8363,8356,1],"tags":[],"class_list":["post-111478","post","type-post","status-publish","format-standard","has-post-thumbnail","hentry","category-emprego","category-emprego-2","category-jundiai","category-noticias"],"_links":{"self":[{"href":"https:\/\/tvtecjundiai.com.br\/news\/wp-json\/wp\/v2\/posts\/111478","targetHints":{"allow":["GET"]}}],"collection":[{"href":"https:\/\/tvtecjundiai.com.br\/news\/wp-json\/wp\/v2\/posts"}],"about":[{"href":"https:\/\/tvtecjundiai.com.br\/news\/wp-json\/wp\/v2\/types\/post"}],"author":[{"embeddable":true,"href":"https:\/\/tvtecjundiai.com.br\/news\/wp-json\/wp\/v2\/users\/30"}],"replies":[{"embeddable":true,"href":"https:\/\/tvtecjundiai.com.br\/news\/wp-json\/wp\/v2\/comments?post=111478"}],"version-history":[{"count":1,"href":"https:\/\/tvtecjundiai.com.br\/news\/wp-json\/wp\/v2\/posts\/111478\/revisions"}],"predecessor-version":[{"id":111480,"href":"https:\/\/tvtecjundiai.com.br\/news\/wp-json\/wp\/v2\/posts\/111478\/revisions\/111480"}],"wp:featuredmedia":[{"embeddable":true,"href":"https:\/\/tvtecjundiai.com.br\/news\/wp-json\/wp\/v2\/media\/29680"}],"wp:attachment":[{"href":"https:\/\/tvtecjundiai.com.br\/news\/wp-json\/wp\/v2\/media?parent=111478"}],"wp:term":[{"taxonomy":"category","embeddable":true,"href":"https:\/\/tvtecjundiai.com.br\/news\/wp-json\/wp\/v2\/categories?post=111478"},{"taxonomy":"post_tag","embeddable":true,"href":"https:\/\/tvtecjundiai.com.br\/news\/wp-json\/wp\/v2\/tags?post=111478"}],"curies":[{"name":"wp","href":"https:\/\/api.w.org\/{rel}","templated":true}]}}