{"id":111486,"date":"2023-06-27T13:50:37","date_gmt":"2023-06-27T16:50:37","guid":{"rendered":"https:\/\/tvtecjundiai.com.br\/news\/?p=111486"},"modified":"2023-06-27T13:50:38","modified_gmt":"2023-06-27T16:50:38","slug":"gestores-de-cidade-da-bahia-visitam-jundiai-para-conhecer-a-cidade-das-criancas","status":"publish","type":"post","link":"https:\/\/tvtecjundiai.com.br\/news\/2023\/06\/27\/gestores-de-cidade-da-bahia-visitam-jundiai-para-conhecer-a-cidade-das-criancas\/","title":{"rendered":"Gestores de cidade da Bahia visitam Jundia\u00ed para conhecer a Cidade das Crian\u00e7as"},"content":{"rendered":"\n<p>Com apenas 23 anos de emancipa\u00e7\u00e3o, a cidade baiana de Lu\u00eds Eduardo Magalh\u00e3es busca em Jundia\u00ed a inspira\u00e7\u00e3o para emplacar pol\u00edticas p\u00fablicas para a inf\u00e2ncia. Nesta ter\u00e7a-feira (27), o prefeito Ondumar Ferreira Borges Junior, conhecido como J\u00fanior Marab\u00e1, acompanhado dos secret\u00e1rios de Trabalho e Assist\u00eancia Social, Sheilla Bernardes, de Governo, Danilo Henrique Sampaio Moreira, de Educa\u00e7\u00e3o, Jeferson Caf\u00e9 e do ex-deputado Paulo C\u00e2mara foram recebidos por gestores de Jundia\u00ed para detalhar as pol\u00edticas desenvolvida pela Cidade das Crian\u00e7as. Al\u00e9m de encontro no Pa\u00e7o Municipal, os visitantes percorreram o Mundo das Crian\u00e7as, a F\u00e1brica das Inf\u00e2ncias Japy, o Complexo Argos e escolas municipais.<\/p>\n\n\n\n<p>\u201cJundia\u00ed trabalha de maneira multiplataforma para garantir ao cidad\u00e3o servi\u00e7os de qualidade e entregas necess\u00e1rias. \u00c9 preciso planejamento e prioriza\u00e7\u00e3o para entregar \u00e0 cidade as pol\u00edticas p\u00fablicas e os investimentos que far\u00e3o a diferen\u00e7a para a vida de todos. Uma cidade boa para as crian\u00e7as, \u00e9 boa para todos\u201d, comentou o gestor de Governo e Finan\u00e7as (UGGF), Jos\u00e9 Antonio Parimoschi.<\/p>\n\n\n<div class=\"wp-block-image\">\n<figure class=\"aligncenter size-large\"><img loading=\"lazy\" decoding=\"async\" width=\"1200\" height=\"730\" src=\"https:\/\/tvtecjundiai.com.br\/news\/wp-content\/uploads\/sites\/2\/2023\/06\/visita-prefeito-luis-eduardo-37-1-1280x779-1-1200x730.jpg\" alt=\"\" class=\"wp-image-111490\" srcset=\"https:\/\/tvtecjundiai.com.br\/news\/wp-content\/uploads\/sites\/2\/2023\/06\/visita-prefeito-luis-eduardo-37-1-1280x779-1-1200x730.jpg 1200w, https:\/\/tvtecjundiai.com.br\/news\/wp-content\/uploads\/sites\/2\/2023\/06\/visita-prefeito-luis-eduardo-37-1-1280x779-1-300x183.jpg 300w, https:\/\/tvtecjundiai.com.br\/news\/wp-content\/uploads\/sites\/2\/2023\/06\/visita-prefeito-luis-eduardo-37-1-1280x779-1-768x467.jpg 768w, https:\/\/tvtecjundiai.com.br\/news\/wp-content\/uploads\/sites\/2\/2023\/06\/visita-prefeito-luis-eduardo-37-1-1280x779-1.jpg 1280w\" sizes=\"auto, (max-width: 1200px) 100vw, 1200px\" \/><figcaption class=\"wp-element-caption\">O encontro foi iniciado no Pa\u00e7o Municipal e seguiu por equipamentos p\u00fablicos da cidade<\/figcaption><\/figure>\n<\/div>\n\n\n<p>Al\u00e9m de Parimoschi, o gestor de Cultura (UGC), Marcelo Peroni, de Educa\u00e7\u00e3o (UGE), Vast\u00ed Ferrari Marques, e de Assist\u00eancia e Desenvolvimento Social (UGADS) Maria Brant.<\/p>\n\n\n\n<p>\u201cAs pol\u00edticas de Jundia\u00ed direcionadas para a inf\u00e2ncia nos encantaram desde a primeira vez que conheci. Estamos aqui para conhecer em detalhes e absorver o que pode ser implementado em nossa cidade, que tem muitas necessidades, \u00e9 uma cidade nova. Podemos come\u00e7ar da maneira certa\u201d, comentou o prefeito, Junior.<\/p>\n\n\n\n<p>Lu\u00eds Eduardo Magalh\u00e3es est\u00e1 localizada no extremo oeste baiano, tem 23 anos de emancipa\u00e7\u00e3o e cerca de 110 mil habitantes.<\/p>\n\n\n\n<p><strong><em>Fonte \/ Imagem: Prefeitura de Jundia\u00ed<\/em><\/strong><\/p>\n","protected":false},"excerpt":{"rendered":"<p>O encontro foi iniciado no Pa\u00e7o Municipal e seguiu por equipamentos p\u00fablicos da cidade<\/p>\n","protected":false},"author":30,"featured_media":111490,"comment_status":"closed","ping_status":"0","sticky":false,"template":"","format":"standard","meta":{"footnotes":""},"categories":[8356,1],"tags":[],"class_list":["post-111486","post","type-post","status-publish","format-standard","has-post-thumbnail","hentry","category-jundiai","category-noticias"],"_links":{"self":[{"href":"https:\/\/tvtecjundiai.com.br\/news\/wp-json\/wp\/v2\/posts\/111486","targetHints":{"allow":["GET"]}}],"collection":[{"href":"https:\/\/tvtecjundiai.com.br\/news\/wp-json\/wp\/v2\/posts"}],"about":[{"href":"https:\/\/tvtecjundiai.com.br\/news\/wp-json\/wp\/v2\/types\/post"}],"author":[{"embeddable":true,"href":"https:\/\/tvtecjundiai.com.br\/news\/wp-json\/wp\/v2\/users\/30"}],"replies":[{"embeddable":true,"href":"https:\/\/tvtecjundiai.com.br\/news\/wp-json\/wp\/v2\/comments?post=111486"}],"version-history":[{"count":1,"href":"https:\/\/tvtecjundiai.com.br\/news\/wp-json\/wp\/v2\/posts\/111486\/revisions"}],"predecessor-version":[{"id":111491,"href":"https:\/\/tvtecjundiai.com.br\/news\/wp-json\/wp\/v2\/posts\/111486\/revisions\/111491"}],"wp:featuredmedia":[{"embeddable":true,"href":"https:\/\/tvtecjundiai.com.br\/news\/wp-json\/wp\/v2\/media\/111490"}],"wp:attachment":[{"href":"https:\/\/tvtecjundiai.com.br\/news\/wp-json\/wp\/v2\/media?parent=111486"}],"wp:term":[{"taxonomy":"category","embeddable":true,"href":"https:\/\/tvtecjundiai.com.br\/news\/wp-json\/wp\/v2\/categories?post=111486"},{"taxonomy":"post_tag","embeddable":true,"href":"https:\/\/tvtecjundiai.com.br\/news\/wp-json\/wp\/v2\/tags?post=111486"}],"curies":[{"name":"wp","href":"https:\/\/api.w.org\/{rel}","templated":true}]}}