{"id":111507,"date":"2023-06-27T16:45:23","date_gmt":"2023-06-27T19:45:23","guid":{"rendered":"https:\/\/tvtecjundiai.com.br\/news\/?p=111507"},"modified":"2023-06-27T16:45:24","modified_gmt":"2023-06-27T19:45:24","slug":"usuarios-destacam-conforto-de-novos-onibus-das-linhas-municipais-de-jundiai","status":"publish","type":"post","link":"https:\/\/tvtecjundiai.com.br\/news\/2023\/06\/27\/usuarios-destacam-conforto-de-novos-onibus-das-linhas-municipais-de-jundiai\/","title":{"rendered":"Usu\u00e1rios destacam conforto de novos \u00f4nibus das linhas municipais de Jundia\u00ed"},"content":{"rendered":"\n<p>J\u00e1 podem ser vistos pelos terminais e ruas de Jundia\u00ed, em diferentes linhas municipais, os novos \u00f4nibus entregues no in\u00edcio deste m\u00eas. Dos 68 ve\u00edculos, 42 j\u00e1 est\u00e3o em opera\u00e7\u00e3o, sendo equipados com ar condicionado, wi-fi, GPS, c\u00e2meras, elevador para garantir a acessibilidade a pessoas com defici\u00eancia, motores menos poluentes e mais tecnol\u00f3gicos. Os demais entrar\u00e3o em opera\u00e7\u00e3o com as novas linhas que est\u00e3o sendo definidas para a cidade.<\/p>\n\n\n\n<p>\u201cEles s\u00e3o mais bonitos, com bancos mais confort\u00e1veis. A gente percebe que s\u00e3o super modernos, e d\u00e1 a impress\u00e3o que s\u00e3o maiores\u201d, ressalta a gerente de loja, Vit\u00f3ria Rossi Gobi, moradora do bairro Terra da Uva.<\/p>\n\n\n<div class=\"wp-block-image\">\n<figure class=\"aligncenter size-large\"><img loading=\"lazy\" decoding=\"async\" width=\"1200\" height=\"733\" src=\"https:\/\/tvtecjundiai.com.br\/news\/wp-content\/uploads\/sites\/2\/2023\/06\/novos-onibus-estao-em-operacao-1-1280x782-1-1200x733.jpg\" alt=\"\" class=\"wp-image-111508\" srcset=\"https:\/\/tvtecjundiai.com.br\/news\/wp-content\/uploads\/sites\/2\/2023\/06\/novos-onibus-estao-em-operacao-1-1280x782-1-1200x733.jpg 1200w, https:\/\/tvtecjundiai.com.br\/news\/wp-content\/uploads\/sites\/2\/2023\/06\/novos-onibus-estao-em-operacao-1-1280x782-1-300x183.jpg 300w, https:\/\/tvtecjundiai.com.br\/news\/wp-content\/uploads\/sites\/2\/2023\/06\/novos-onibus-estao-em-operacao-1-1280x782-1-768x469.jpg 768w, https:\/\/tvtecjundiai.com.br\/news\/wp-content\/uploads\/sites\/2\/2023\/06\/novos-onibus-estao-em-operacao-1-1280x782-1.jpg 1280w\" sizes=\"auto, (max-width: 1200px) 100vw, 1200px\" \/><figcaption class=\"wp-element-caption\">Novos \u00f4nibus atendem diferentes linhas e s\u00e3o mais modernos, tecnol\u00f3gicos e menos poluentes<\/figcaption><\/figure>\n<\/div>\n\n\n<p>Usu\u00e1rio de \u00f4nibus com frequ\u00eancia, o aposentado Jo\u00e3o Batista Mioder, comenta que tamb\u00e9m tem a sensa\u00e7\u00e3o que os novos \u00f4nibus s\u00e3o mais espa\u00e7osos. \u201cEu moro no Jardim Tulipas, e utilizo \u00f4nibus para ir ao Centro. os bancos s\u00e3o mais macios, e o ar condicionado traz uma sensa\u00e7\u00e3o de mais conforto, principalmente, quando o sol est\u00e1 mais quente. S\u00e3o \u00f4nibus maiores.\u201d<\/p>\n\n\n\n<p>Os investimentos em infraestrutura e no sistema operacional de transporte coletivo est\u00e3o previstos no Programa Mobilidade Total, criado pelo prefeito Luiz Fernando Machado, visando melhorar a qualidade nesse servi\u00e7o que \u00e9 t\u00e3o importante e que atender quase 100 mil passageiros, diariamente.&nbsp;<\/p>\n\n\n\n<p>\u201cUm servi\u00e7o com inova\u00e7\u00e3o e tecnologia, como wi-fi em toda a frota, al\u00e9m de melhorias em infraestrutura, com novos abrigos, faz parte do compromisso do governo municipal para que, cada vez mais, o transporte de \u00f4nibus seja mais conveniente, eficiente e confort\u00e1vel \u00e0 popula\u00e7\u00e3o\u201d, afirma o gestor de Mobilidade e Transporte, Aloysio Queiroz.<\/p>\n\n\n\n<p>Morador no bairro Eloy Chaves, o pastor Michael Luiz Jesus do Prado, explica que vem observando as melhorias no Sistema Integrado de Transporte Urbano (SITU). \u201cO servi\u00e7o e os \u00f4nibus est\u00e3o bem melhores. Esses novos ent\u00e3o, s\u00e3o super confort\u00e1veis. Cada vez mais a gente sente que tem mais qualidade.\u201d<\/p>\n\n\n<div class=\"wp-block-image\">\n<figure class=\"aligncenter size-large\"><img loading=\"lazy\" decoding=\"async\" width=\"1200\" height=\"879\" src=\"https:\/\/tvtecjundiai.com.br\/news\/wp-content\/uploads\/sites\/2\/2023\/06\/novos-onibus-ja-estao-em-circulacao-nas-linhas-municipais-1280x938-1-1200x879.jpg\" alt=\"\" class=\"wp-image-111509\" srcset=\"https:\/\/tvtecjundiai.com.br\/news\/wp-content\/uploads\/sites\/2\/2023\/06\/novos-onibus-ja-estao-em-circulacao-nas-linhas-municipais-1280x938-1-1200x879.jpg 1200w, https:\/\/tvtecjundiai.com.br\/news\/wp-content\/uploads\/sites\/2\/2023\/06\/novos-onibus-ja-estao-em-circulacao-nas-linhas-municipais-1280x938-1-300x220.jpg 300w, https:\/\/tvtecjundiai.com.br\/news\/wp-content\/uploads\/sites\/2\/2023\/06\/novos-onibus-ja-estao-em-circulacao-nas-linhas-municipais-1280x938-1-768x563.jpg 768w, https:\/\/tvtecjundiai.com.br\/news\/wp-content\/uploads\/sites\/2\/2023\/06\/novos-onibus-ja-estao-em-circulacao-nas-linhas-municipais-1280x938-1.jpg 1280w\" sizes=\"auto, (max-width: 1200px) 100vw, 1200px\" \/><figcaption class=\"wp-element-caption\">Al\u00e9m de renovar a frota, os novos \u00f4nibus ser\u00e3o utilizados para novas linhas, que est\u00e3o em estudo<\/figcaption><\/figure>\n<\/div>\n\n\n<p><strong>Novos \u00f4nibus<\/strong><\/p>\n\n\n\n<p>Com investimento de R$ 52 milh\u00f5es, e a chegada dos 68 novos ve\u00edculos, a idade m\u00e9dia da frota passa a ser de 3,3 anos, impactando diretamente na sustentabilidade. Al\u00e9m da renova\u00e7\u00e3o da frota, os novos \u00f4nibus ser\u00e3o utilizados para amplia\u00e7\u00e3o de linhas, o que est\u00e1 em estudo para atender demandas com objetivo de oferecer rapidez no deslocamento dos usu\u00e1rios.<\/p>\n\n\n\n<p><em><strong>Fonte \/ Imagem: Prefeitura de Jundia\u00ed<\/strong><\/em><\/p>\n","protected":false},"excerpt":{"rendered":"<p>Novos \u00f4nibus atendem diferentes linhas e s\u00e3o mais modernos, tecnol\u00f3gicos e menos poluentes<\/p>\n","protected":false},"author":30,"featured_media":111510,"comment_status":"closed","ping_status":"0","sticky":false,"template":"","format":"standard","meta":{"footnotes":""},"categories":[8356,1,3059],"tags":[],"class_list":["post-111507","post","type-post","status-publish","format-standard","has-post-thumbnail","hentry","category-jundiai","category-noticias","category-transportes"],"_links":{"self":[{"href":"https:\/\/tvtecjundiai.com.br\/news\/wp-json\/wp\/v2\/posts\/111507","targetHints":{"allow":["GET"]}}],"collection":[{"href":"https:\/\/tvtecjundiai.com.br\/news\/wp-json\/wp\/v2\/posts"}],"about":[{"href":"https:\/\/tvtecjundiai.com.br\/news\/wp-json\/wp\/v2\/types\/post"}],"author":[{"embeddable":true,"href":"https:\/\/tvtecjundiai.com.br\/news\/wp-json\/wp\/v2\/users\/30"}],"replies":[{"embeddable":true,"href":"https:\/\/tvtecjundiai.com.br\/news\/wp-json\/wp\/v2\/comments?post=111507"}],"version-history":[{"count":1,"href":"https:\/\/tvtecjundiai.com.br\/news\/wp-json\/wp\/v2\/posts\/111507\/revisions"}],"predecessor-version":[{"id":111512,"href":"https:\/\/tvtecjundiai.com.br\/news\/wp-json\/wp\/v2\/posts\/111507\/revisions\/111512"}],"wp:featuredmedia":[{"embeddable":true,"href":"https:\/\/tvtecjundiai.com.br\/news\/wp-json\/wp\/v2\/media\/111510"}],"wp:attachment":[{"href":"https:\/\/tvtecjundiai.com.br\/news\/wp-json\/wp\/v2\/media?parent=111507"}],"wp:term":[{"taxonomy":"category","embeddable":true,"href":"https:\/\/tvtecjundiai.com.br\/news\/wp-json\/wp\/v2\/categories?post=111507"},{"taxonomy":"post_tag","embeddable":true,"href":"https:\/\/tvtecjundiai.com.br\/news\/wp-json\/wp\/v2\/tags?post=111507"}],"curies":[{"name":"wp","href":"https:\/\/api.w.org\/{rel}","templated":true}]}}