{"id":111533,"date":"2023-06-28T11:08:14","date_gmt":"2023-06-28T14:08:14","guid":{"rendered":"https:\/\/tvtecjundiai.com.br\/news\/?p=111533"},"modified":"2023-06-28T11:08:15","modified_gmt":"2023-06-28T14:08:15","slug":"live-espaco-cultura-apresenta-tres-propostas-formativas-virtuais-nesta-quarta-feira-28","status":"publish","type":"post","link":"https:\/\/tvtecjundiai.com.br\/news\/2023\/06\/28\/live-espaco-cultura-apresenta-tres-propostas-formativas-virtuais-nesta-quarta-feira-28\/","title":{"rendered":"\u201cLive: Espa\u00e7o Cultura\u201d apresenta tr\u00eas propostas formativas virtuais nesta quarta-feira (28)"},"content":{"rendered":"\n<p>Tr\u00eas Propostas Formativas Virtuais chegam nesta quarta-feira (28), como destaque na \u201cLive: Espa\u00e7o Cultura\u201d, uma iniciativa da Unidade de Gest\u00e3o de Cultura (UGC) realizada semanalmente com transmiss\u00e3o nos canais da UGC, no&nbsp;<a href=\"https:\/\/www.facebook.com\/culturajundiai\">Facebook<\/a>&nbsp;e&nbsp;<a href=\"https:\/\/www.youtube.com\/@culturajundiai8975\">YouTube<\/a>, das 16h \u00e0s 17h.<\/p>\n\n\n\n<p>Na oportunidade, as propostas das artistas, J\u00falia Fernandes Heimann, Rebeca Siqueira Konopkinas e Iara Zanatta contemplados em 2021 pelos editais municipais da Lei de Emerg\u00eancia Cultural Aldir Blanc ser\u00e3o apresentados para artistas e outros trabalhadores de Cultura, bem como para o p\u00fablico em geral, difundindo assim a produ\u00e7\u00e3o cultural da cidade, nos seus diversos segmentos e modalidades.<\/p>\n\n\n\n<p>Comandada pelo diretor do Departamento de Cultura, Jo\u00e3o Carlos de Luca a live desta semana ainda traz informa\u00e7\u00f5es sobre o\u00a0 Cadastro de Artistas e Projetos, ferramenta on-line que serve como banco de dados para contrata\u00e7\u00f5es de artistas locais e para planejamento de atividades e pol\u00edticas p\u00fablicas voltadas \u00e0 classe art\u00edstica jundiaienses, bem como informa\u00e7\u00f5es, orienta\u00e7\u00f5es e instru\u00e7\u00f5es para os artistas da cidade sobre a\u00a0<a rel=\"noreferrer noopener\" href=\"https:\/\/cultura.jundiai.sp.gov.br\/espaco-do-artista\/\" target=\"_blank\"><strong>p\u00e1gina Espa\u00e7o do Artista do site da Cultura<\/strong><\/a>, onde est\u00e3o concentradas as orienta\u00e7\u00f5es importantes para os artistas, com os links mais utilizados pelo segmento, como para o site do Jundia\u00ed Empreendedora.<\/p>\n\n\n<div class=\"wp-block-image\">\n<figure class=\"aligncenter size-large\"><img loading=\"lazy\" decoding=\"async\" width=\"1200\" height=\"686\" src=\"https:\/\/tvtecjundiai.com.br\/news\/wp-content\/uploads\/sites\/2\/2023\/06\/cultura2-1200x686.jpg\" alt=\"\" class=\"wp-image-111534\" srcset=\"https:\/\/tvtecjundiai.com.br\/news\/wp-content\/uploads\/sites\/2\/2023\/06\/cultura2-1200x686.jpg 1200w, https:\/\/tvtecjundiai.com.br\/news\/wp-content\/uploads\/sites\/2\/2023\/06\/cultura2-300x172.jpg 300w, https:\/\/tvtecjundiai.com.br\/news\/wp-content\/uploads\/sites\/2\/2023\/06\/cultura2-768x439.jpg 768w, https:\/\/tvtecjundiai.com.br\/news\/wp-content\/uploads\/sites\/2\/2023\/06\/cultura2.jpg 1280w\" sizes=\"auto, (max-width: 1200px) 100vw, 1200px\" \/><figcaption class=\"wp-element-caption\">Julia Heimann trata sobre composi\u00e7\u00e3o de poesias<\/figcaption><\/figure>\n<\/div>\n\n\n<p><strong>As propostas<\/strong><\/p>\n\n\n\n<p><strong>Julia Fernandes Heimann<\/strong>, apresenta um workshop sobre a composi\u00e7\u00e3o de Poesias. Uma oficina de como desenvolver e compor poesias cl\u00e1ssicas, com rimas pobres, ricas e preciosas. Para conservar a ideia de grandes poetas brasileiros que primaram por esse tipo de versifica\u00e7\u00e3o. Fazer a leitura dos v\u00e1rios tipos de poesias para que seja percebida a diferen\u00e7a, tanto na rima, quanto na m\u00e9trica. Informa\u00e7\u00f5es sobre caracter\u00edsticas de poesias cl\u00e1ssicas com m\u00e9trica, rima e n\u00famero de versos para compor trovas, sonetos ou versos livres.<\/p>\n\n\n<div class=\"wp-block-image\">\n<figure class=\"aligncenter size-large\"><img loading=\"lazy\" decoding=\"async\" width=\"1200\" height=\"683\" src=\"https:\/\/tvtecjundiai.com.br\/news\/wp-content\/uploads\/sites\/2\/2023\/06\/cultura3-1200x683.jpg\" alt=\"\" class=\"wp-image-111535\" srcset=\"https:\/\/tvtecjundiai.com.br\/news\/wp-content\/uploads\/sites\/2\/2023\/06\/cultura3-1200x683.jpg 1200w, https:\/\/tvtecjundiai.com.br\/news\/wp-content\/uploads\/sites\/2\/2023\/06\/cultura3-300x171.jpg 300w, https:\/\/tvtecjundiai.com.br\/news\/wp-content\/uploads\/sites\/2\/2023\/06\/cultura3-768x437.jpg 768w, https:\/\/tvtecjundiai.com.br\/news\/wp-content\/uploads\/sites\/2\/2023\/06\/cultura3.jpg 1280w\" sizes=\"auto, (max-width: 1200px) 100vw, 1200px\" \/><figcaption class=\"wp-element-caption\">Na live ser\u00e1 poss\u00edvel aprender a construir uma mesa de ilumina\u00e7\u00e3o<\/figcaption><\/figure>\n<\/div>\n\n\n<p><strong>Rebeca Siqueira Konopkinas<\/strong>, apresenta seu projeto em Ilumina\u00e7\u00e3o: Refletores Alternativos para grupos de teatro \u2013 Na oficina ILUMINA\u00c7\u00c3O PARA TODES os grupos de teatro que est\u00e3o iniciando sua trajet\u00f3ria, independente do seu conhecimento pr\u00e9vio sobre ilumina\u00e7\u00e3o c\u00eanica, podem adquirir o m\u00ednimo de conhecimento e uma estrutura f\u00edsica para fazer uma apresenta\u00e7\u00e3o. Para isso, ensinar\u00e1 algumas formas de construir refletores e uma mesa de luz dimeriz\u00e1vel. Materiais como lata de tinta e cano PVC far\u00e3o parte dos elementos usados para mostrar que \u00e9 poss\u00edvel deixar a sua cena mais bem acabada com elementos acess\u00edveis ao bolso.<\/p>\n\n\n\n<p><strong>Iara Zanatta<\/strong>, traz em seu projeto a constru\u00e7\u00e3o de uma Lumin\u00e1ria Softbox com itens simples \u2013 Nessa Proposta Formativa, a artista mostra como construir uma Lumin\u00e1ria muito utilizada em v\u00eddeos com coisas simples que por muitas vezes temos em casa. No v\u00eddeo, explica como fazer uma lumin\u00e1ria Softbox, que \u00e9 uma luz indireta, \u201cleve\u201d muito utilizada em v\u00eddeo pois n\u00e3o estoura a luz da c\u00e2mera, com uso de materiais como, uma caixa de papel\u00e3o, papel manteiga, um plafon para coloca\u00e7\u00e3o de uma l\u00e2mpada de led comum, fita crepe, arame de p\u00e3o, plug de tomada e fio paralelo, al\u00e9m de poucas ferramentas como tesoura, estilete e alicate.<\/p>\n\n\n\n<p><strong><em>Fonte \/ Imagem: Prefeitura de Jundia\u00ed<\/em><\/strong><\/p>\n","protected":false},"excerpt":{"rendered":"<p>Tr\u00eas Propostas Formativas Virtuais chegam nesta quarta-feira (28)<\/p>\n","protected":false},"author":30,"featured_media":111534,"comment_status":"closed","ping_status":"0","sticky":false,"template":"","format":"standard","meta":{"footnotes":""},"categories":[2833,8356,1],"tags":[],"class_list":["post-111533","post","type-post","status-publish","format-standard","has-post-thumbnail","hentry","category-cultura","category-jundiai","category-noticias"],"_links":{"self":[{"href":"https:\/\/tvtecjundiai.com.br\/news\/wp-json\/wp\/v2\/posts\/111533","targetHints":{"allow":["GET"]}}],"collection":[{"href":"https:\/\/tvtecjundiai.com.br\/news\/wp-json\/wp\/v2\/posts"}],"about":[{"href":"https:\/\/tvtecjundiai.com.br\/news\/wp-json\/wp\/v2\/types\/post"}],"author":[{"embeddable":true,"href":"https:\/\/tvtecjundiai.com.br\/news\/wp-json\/wp\/v2\/users\/30"}],"replies":[{"embeddable":true,"href":"https:\/\/tvtecjundiai.com.br\/news\/wp-json\/wp\/v2\/comments?post=111533"}],"version-history":[{"count":1,"href":"https:\/\/tvtecjundiai.com.br\/news\/wp-json\/wp\/v2\/posts\/111533\/revisions"}],"predecessor-version":[{"id":111536,"href":"https:\/\/tvtecjundiai.com.br\/news\/wp-json\/wp\/v2\/posts\/111533\/revisions\/111536"}],"wp:featuredmedia":[{"embeddable":true,"href":"https:\/\/tvtecjundiai.com.br\/news\/wp-json\/wp\/v2\/media\/111534"}],"wp:attachment":[{"href":"https:\/\/tvtecjundiai.com.br\/news\/wp-json\/wp\/v2\/media?parent=111533"}],"wp:term":[{"taxonomy":"category","embeddable":true,"href":"https:\/\/tvtecjundiai.com.br\/news\/wp-json\/wp\/v2\/categories?post=111533"},{"taxonomy":"post_tag","embeddable":true,"href":"https:\/\/tvtecjundiai.com.br\/news\/wp-json\/wp\/v2\/tags?post=111533"}],"curies":[{"name":"wp","href":"https:\/\/api.w.org\/{rel}","templated":true}]}}