{"id":111537,"date":"2023-06-28T11:23:37","date_gmt":"2023-06-28T14:23:37","guid":{"rendered":"https:\/\/tvtecjundiai.com.br\/news\/?p=111537"},"modified":"2023-06-28T11:23:38","modified_gmt":"2023-06-28T14:23:38","slug":"astra-esta-contratando-para-diferentes-areas-em-jundiai","status":"publish","type":"post","link":"https:\/\/tvtecjundiai.com.br\/news\/2023\/06\/28\/astra-esta-contratando-para-diferentes-areas-em-jundiai\/","title":{"rendered":"Astra est\u00e1 contratando para diferentes \u00e1reas em Jundia\u00ed"},"content":{"rendered":"\n<p>A\u00a0<strong>Astra S\/A Ind\u00fastria e Com\u00e9rcio<\/strong>, empresa\u00a0multiespecializada em itens voltados para\u00a0constru\u00e7\u00e3o, est\u00e1 com vagas de emprego abertas para diferentes \u00e1reas em Jundia\u00ed. As oportunidades s\u00e3o para: ajudante de cozinha, ajudante de eletricista, ajudante operacional, analista de desenvolvimento de produtos junior, analista de desenvolvimento de sistemas junior, analista de processos, aprendiz, assessor de comunica\u00e7\u00e3o, auxiliar administrativo (vagas tamb\u00e9m para PCD), auxiliar de recrutamento e sele\u00e7\u00e3o, auxiliar t\u00e9cnico, estagi\u00e1rio em com\u00e9rcio exterior, estagi\u00e1rio em desenvolvimento de sistemas, faxineiro, Pessoas Com Defici\u00eancia &#8211; PCDs, promotor de vendas e vagas para \u00e1rea de produ\u00e7\u00e3o (para jovens nascidos em 2007).<\/p>\n\n\n<div class=\"wp-block-image\">\n<figure class=\"aligncenter size-full is-resized\"><img loading=\"lazy\" decoding=\"async\" src=\"https:\/\/tvtecjundiai.com.br\/news\/wp-content\/uploads\/sites\/2\/2023\/05\/astra.png\" alt=\"\" class=\"wp-image-109585\" width=\"618\" height=\"406\" srcset=\"https:\/\/tvtecjundiai.com.br\/news\/wp-content\/uploads\/sites\/2\/2023\/05\/astra.png 768w, https:\/\/tvtecjundiai.com.br\/news\/wp-content\/uploads\/sites\/2\/2023\/05\/astra-300x197.png 300w\" sizes=\"auto, (max-width: 618px) 100vw, 618px\" \/><\/figure>\n<\/div>\n\n\n<p><\/p>\n\n\n\n<p>Os interessados podem se inscrever clicando na aba \u201cTrabalhe Conosco\u201d, do site\u00a0<a href=\"https:\/\/www.astra-sa.com\/\">https:\/\/www.astra-sa.com\/<\/a>. Para encontrar as oportunidades, deve-se selecionar as op\u00e7\u00f5es de vagas no estado de S\u00e3o Paulo e clicar em \u201cJundia\u00ed\u201d. Tamb\u00e9m \u00e9 poss\u00edvel se inscrever pelo portal\u00a0<a href=\"https:\/\/astra-sa-industria-comercio.gupy.io\/\">https:\/\/astra-sa-industria-comercio.gupy.io\/<\/a>.<\/p>\n\n\n\n<p>No geral, os benef\u00edcios que a Astra oferece s\u00e3o assist\u00eancia m\u00e9dica e odontol\u00f3gica, vale-transporte ou fretado, cesta b\u00e1sica ou cart\u00e3o vale-alimenta\u00e7\u00e3o, clube de campo, caf\u00e9 da manh\u00e3 e refei\u00e7\u00e3o no local.<\/p>\n\n\n\n<p>As vagas ofertadas s\u00e3o para residentes em Jundia\u00ed, Itupeva, Cabre\u00fava, Campo Limpo Paulista, V\u00e1rzea Paulista, Franco da Rocha e Francisco Morato.<\/p>\n\n\n\n<p><strong><em>(Fonte: TVTEC Jundia\u00ed\/Imagem: Astra S\/A)<\/em><\/strong><\/p>\n","protected":false},"excerpt":{"rendered":"<p>Os interessados podem se inscrever pelo site da empresa<\/p>\n","protected":false},"author":30,"featured_media":109585,"comment_status":"closed","ping_status":"0","sticky":false,"template":"","format":"standard","meta":{"footnotes":""},"categories":[5038,8363,8356,1],"tags":[],"class_list":["post-111537","post","type-post","status-publish","format-standard","has-post-thumbnail","hentry","category-emprego","category-emprego-2","category-jundiai","category-noticias"],"_links":{"self":[{"href":"https:\/\/tvtecjundiai.com.br\/news\/wp-json\/wp\/v2\/posts\/111537","targetHints":{"allow":["GET"]}}],"collection":[{"href":"https:\/\/tvtecjundiai.com.br\/news\/wp-json\/wp\/v2\/posts"}],"about":[{"href":"https:\/\/tvtecjundiai.com.br\/news\/wp-json\/wp\/v2\/types\/post"}],"author":[{"embeddable":true,"href":"https:\/\/tvtecjundiai.com.br\/news\/wp-json\/wp\/v2\/users\/30"}],"replies":[{"embeddable":true,"href":"https:\/\/tvtecjundiai.com.br\/news\/wp-json\/wp\/v2\/comments?post=111537"}],"version-history":[{"count":1,"href":"https:\/\/tvtecjundiai.com.br\/news\/wp-json\/wp\/v2\/posts\/111537\/revisions"}],"predecessor-version":[{"id":111541,"href":"https:\/\/tvtecjundiai.com.br\/news\/wp-json\/wp\/v2\/posts\/111537\/revisions\/111541"}],"wp:featuredmedia":[{"embeddable":true,"href":"https:\/\/tvtecjundiai.com.br\/news\/wp-json\/wp\/v2\/media\/109585"}],"wp:attachment":[{"href":"https:\/\/tvtecjundiai.com.br\/news\/wp-json\/wp\/v2\/media?parent=111537"}],"wp:term":[{"taxonomy":"category","embeddable":true,"href":"https:\/\/tvtecjundiai.com.br\/news\/wp-json\/wp\/v2\/categories?post=111537"},{"taxonomy":"post_tag","embeddable":true,"href":"https:\/\/tvtecjundiai.com.br\/news\/wp-json\/wp\/v2\/tags?post=111537"}],"curies":[{"name":"wp","href":"https:\/\/api.w.org\/{rel}","templated":true}]}}