{"id":111556,"date":"2023-06-28T14:57:47","date_gmt":"2023-06-28T17:57:47","guid":{"rendered":"https:\/\/tvtecjundiai.com.br\/news\/?p=111556"},"modified":"2023-06-28T14:57:47","modified_gmt":"2023-06-28T17:57:47","slug":"jundiai-conquista-destaque-nacional-pela-2a-vez-consecutiva-por-acoes-do-maio-amarelo","status":"publish","type":"post","link":"https:\/\/tvtecjundiai.com.br\/news\/2023\/06\/28\/jundiai-conquista-destaque-nacional-pela-2a-vez-consecutiva-por-acoes-do-maio-amarelo\/","title":{"rendered":"Jundia\u00ed conquista destaque nacional pela 2\u00aa vez consecutiva por a\u00e7\u00f5es do Maio Amarelo"},"content":{"rendered":"\n<p>A Prefeitura de Jundia\u00ed, por meio da Unidade de Gest\u00e3o de Mobilidade e Transporte (UGMT), vem se destacando pelas a\u00e7\u00f5es educativas para a promo\u00e7\u00e3o do tr\u00e2nsito seguro e preserva\u00e7\u00e3o de vidas. Pelo segundo ano consecutivo, a cidade \u00e9 destaque em premia\u00e7\u00e3o nacional do Maio Amarelo, movimento que visa conscientizar sobre o comportamento respons\u00e1vel de condutores de ve\u00edculos e de pedestres, e a redu\u00e7\u00e3o de sinistros. A cerim\u00f4nia de reconhecimento \u00e9 promovida anualmente pelo Observat\u00f3rio Nacional de Seguran\u00e7a Vi\u00e1ria, e neste ano foi realizada na noite desta ter\u00e7a-feira (17), na sede da Federa\u00e7\u00e3o das Ind\u00fastrias do Estado de S\u00e3o Paulo (Fiesp).<\/p>\n\n\n\n<p>Com destaques federais, estaduais e municipais, Jundia\u00ed recebeu o trof\u00e9u na categoria Poder P\u00fablico. \u201cReceber esse reconhecimento \u00e9 gratificante e muito estimulante. Toda a nossa gest\u00e3o atua para implementar medidas que visam promover a educa\u00e7\u00e3o e conscientiza\u00e7\u00e3o da popula\u00e7\u00e3o para um tr\u00e2nsito menos violento, com redu\u00e7\u00e3o de acidentes, e valoriza\u00e7\u00e3o da vida. As a\u00e7\u00f5es s\u00e3o refor\u00e7adas no Maio Amarelo, por\u00e9m, os cuidados e orienta\u00e7\u00f5es ocorrem o ano todo\u201d, comenta o prefeito Luiz Fernando Machado.<\/p>\n\n\n<div class=\"wp-block-image\">\n<figure class=\"aligncenter size-large\"><img loading=\"lazy\" decoding=\"async\" width=\"1200\" height=\"801\" src=\"https:\/\/tvtecjundiai.com.br\/news\/wp-content\/uploads\/sites\/2\/2023\/06\/premiacao_maio_amarelo_ugmt_pa-26-1280x854-1-1200x801.jpg\" alt=\"\" class=\"wp-image-111557\" srcset=\"https:\/\/tvtecjundiai.com.br\/news\/wp-content\/uploads\/sites\/2\/2023\/06\/premiacao_maio_amarelo_ugmt_pa-26-1280x854-1-1200x801.jpg 1200w, https:\/\/tvtecjundiai.com.br\/news\/wp-content\/uploads\/sites\/2\/2023\/06\/premiacao_maio_amarelo_ugmt_pa-26-1280x854-1-300x200.jpg 300w, https:\/\/tvtecjundiai.com.br\/news\/wp-content\/uploads\/sites\/2\/2023\/06\/premiacao_maio_amarelo_ugmt_pa-26-1280x854-1-768x512.jpg 768w, https:\/\/tvtecjundiai.com.br\/news\/wp-content\/uploads\/sites\/2\/2023\/06\/premiacao_maio_amarelo_ugmt_pa-26-1280x854-1.jpg 1280w\" sizes=\"auto, (max-width: 1200px) 100vw, 1200px\" \/><figcaption class=\"wp-element-caption\">Pelo segundo ano consecutivo, Jundia\u00ed conquista reconhecimento nacional pelas a\u00e7\u00f5es do Maio Amarelo<\/figcaption><\/figure>\n<\/div>\n\n\n<p>A programa\u00e7\u00e3o do Maio Amarelo contou com diversas atividades, envolveu for\u00e7as de seguran\u00e7a e empresas parceiras, estimulou a criatividade das crian\u00e7as nas escolas, transmitiu o conhecimento do Comit\u00ea das Crian\u00e7as sobre os cuidados para a prote\u00e7\u00e3o das pessoas, sendo recebida pela popula\u00e7\u00e3o em variados locais e vias municipais e rodovias, somando mais de 470 mil pessoas impactadas.<\/p>\n\n\n\n<p>\u201cA responsabilidade para um tr\u00e2nsito seguro deve ser coletiva e, em Jundia\u00ed, Cidade das Crian\u00e7as, destacamos que a educa\u00e7\u00e3o sobre a mobilidade, com orienta\u00e7\u00f5es sobre as regras que preservam vidas, \u00e9 destacada desde a inf\u00e2ncia, porque assim, teremos melhores condutores, pedestres e passageiros no futuro\u201d, explica o gestor de Mobilidade e Transporte, Aloysio Queiroz.<\/p>\n\n\n\n<p><strong>Maio Amarelo<\/strong><\/p>\n\n\n\n<p>\u00c9 um movimento internacional de conscientiza\u00e7\u00e3o para redu\u00e7\u00e3o de acidentes de tr\u00e2nsito. No Brasil, na 10\u00aa edi\u00e7\u00e3o, criada pelo Observat\u00f3rio Nacional de Seguran\u00e7a Vi\u00e1ria, visa sensibilizar a sociedade para a import\u00e2ncia da ado\u00e7\u00e3o de comportamentos mais seguros no tr\u00e2nsito.<\/p>\n\n\n\n<p>O tema deste ano \u2013 \u201cNo tr\u00e2nsito, escolha a vida\u201d \u2013 foi definido pela\u00a0<a rel=\"noreferrer noopener\" href=\"https:\/\/www.gov.br\/infraestrutura\/pt-br\/assuntos\/transito\/conteudo-contran\/resolucoes\/Resolucao9802022.pdf\" target=\"_blank\">Resolu\u00e7\u00e3o n.\u00ba 980\/2022<\/a>\u00a0do Conselho Nacional de Tr\u00e2nsito (Contran), e tem apoio de v\u00e1rios setores da esfera do governo, \u00f3rg\u00e3os e institui\u00e7\u00f5es p\u00fablicos e privados.<\/p>\n\n\n\n<p><strong><em>Fonte \/ Imagem: Prefeitura de Jundia\u00ed<\/em><\/strong><\/p>\n","protected":false},"excerpt":{"rendered":"<p>Pelo segundo ano consecutivo, Jundia\u00ed conquista reconhecimento nacional pelas a\u00e7\u00f5es do Maio Amarelo<\/p>\n","protected":false},"author":30,"featured_media":111557,"comment_status":"closed","ping_status":"0","sticky":false,"template":"","format":"standard","meta":{"footnotes":""},"categories":[8356,1,3059],"tags":[],"class_list":["post-111556","post","type-post","status-publish","format-standard","has-post-thumbnail","hentry","category-jundiai","category-noticias","category-transportes"],"_links":{"self":[{"href":"https:\/\/tvtecjundiai.com.br\/news\/wp-json\/wp\/v2\/posts\/111556","targetHints":{"allow":["GET"]}}],"collection":[{"href":"https:\/\/tvtecjundiai.com.br\/news\/wp-json\/wp\/v2\/posts"}],"about":[{"href":"https:\/\/tvtecjundiai.com.br\/news\/wp-json\/wp\/v2\/types\/post"}],"author":[{"embeddable":true,"href":"https:\/\/tvtecjundiai.com.br\/news\/wp-json\/wp\/v2\/users\/30"}],"replies":[{"embeddable":true,"href":"https:\/\/tvtecjundiai.com.br\/news\/wp-json\/wp\/v2\/comments?post=111556"}],"version-history":[{"count":1,"href":"https:\/\/tvtecjundiai.com.br\/news\/wp-json\/wp\/v2\/posts\/111556\/revisions"}],"predecessor-version":[{"id":111558,"href":"https:\/\/tvtecjundiai.com.br\/news\/wp-json\/wp\/v2\/posts\/111556\/revisions\/111558"}],"wp:featuredmedia":[{"embeddable":true,"href":"https:\/\/tvtecjundiai.com.br\/news\/wp-json\/wp\/v2\/media\/111557"}],"wp:attachment":[{"href":"https:\/\/tvtecjundiai.com.br\/news\/wp-json\/wp\/v2\/media?parent=111556"}],"wp:term":[{"taxonomy":"category","embeddable":true,"href":"https:\/\/tvtecjundiai.com.br\/news\/wp-json\/wp\/v2\/categories?post=111556"},{"taxonomy":"post_tag","embeddable":true,"href":"https:\/\/tvtecjundiai.com.br\/news\/wp-json\/wp\/v2\/tags?post=111556"}],"curies":[{"name":"wp","href":"https:\/\/api.w.org\/{rel}","templated":true}]}}