{"id":111563,"date":"2023-06-28T16:20:36","date_gmt":"2023-06-28T19:20:36","guid":{"rendered":"https:\/\/tvtecjundiai.com.br\/news\/?p=111563"},"modified":"2023-06-29T09:20:21","modified_gmt":"2023-06-29T12:20:21","slug":"ccrr-autoban-realiza-lancamento-de-vigas-em-passarela-da-anhanguera-em-jundiai","status":"publish","type":"post","link":"https:\/\/tvtecjundiai.com.br\/news\/2023\/06\/28\/ccrr-autoban-realiza-lancamento-de-vigas-em-passarela-da-anhanguera-em-jundiai\/","title":{"rendered":"CCR AutoBAn realiza lan\u00e7amento de vigas em passarela da Anhanguera em Jundia\u00ed"},"content":{"rendered":"\n<p>A CCR AutoBAn realizar\u00e1 bloqueios de tr\u00e1fego em vias municipais pr\u00f3ximas \u00e0 rodovia Anhanguera, em Jundia\u00ed, entre quinta-feira (29\/06) e o domingo da pr\u00f3xima semana (09\/07). Essas interven\u00e7\u00f5es ser\u00e3o necess\u00e1rias para o lan\u00e7amento de 36 vigas de concreto na passarela localizada no km 62. Cada viga pesa entre 31 e 42 toneladas.<\/p>\n\n\n\n<p>Nesta quinta-feira (29\/06),ser\u00e3o lan\u00e7adas sete vigas das 10h \u00e0s 17h. Durante a noite, uma estrutura ser\u00e1 posicionada sobre o vi\u00e1rio municipal no sentido Interior, das 21h \u00e0s 3h da madrugada. Na sexta-feira (30\/06) e s\u00e1bado (01\/07), ser\u00e3o lan\u00e7adas seis vigas durante o per\u00edodo noturno, das 22h \u00e0s 5h.<\/p>\n\n\n\n<p>Na pr\u00f3xima semana, na quinta-feira (06\/07), mais cinco estruturas ser\u00e3o posicionadas das 20h \u00e0s 5h do dia seguinte, e na sexta-feira (07\/07), quatro vigas ser\u00e3o lan\u00e7adas das 20h \u00e0s 6h do dia seguinte, com foco no vi\u00e1rio no sentido Capital. No s\u00e1bado e domingo (08 e 09\/07), os trabalhos ser\u00e3o realizados no sentido Interior, com o lan\u00e7amento de mais 14 vigas, a partir das 20h.<\/p>\n\n\n<div class=\"wp-block-image\">\n<figure class=\"aligncenter size-large\"><img loading=\"lazy\" decoding=\"async\" width=\"1200\" height=\"659\" src=\"https:\/\/tvtecjundiai.com.br\/news\/wp-content\/uploads\/sites\/2\/2023\/06\/Lancamento-de-Vigas-Complexo-Viario-de-Jundiai-Fase-1A-Via-Anhanguera-Ju.-1-1200x659.jpg\" alt=\"\" class=\"wp-image-111564\" srcset=\"https:\/\/tvtecjundiai.com.br\/news\/wp-content\/uploads\/sites\/2\/2023\/06\/Lancamento-de-Vigas-Complexo-Viario-de-Jundiai-Fase-1A-Via-Anhanguera-Ju.-1-1200x659.jpg 1200w, https:\/\/tvtecjundiai.com.br\/news\/wp-content\/uploads\/sites\/2\/2023\/06\/Lancamento-de-Vigas-Complexo-Viario-de-Jundiai-Fase-1A-Via-Anhanguera-Ju.-1-300x165.jpg 300w, https:\/\/tvtecjundiai.com.br\/news\/wp-content\/uploads\/sites\/2\/2023\/06\/Lancamento-de-Vigas-Complexo-Viario-de-Jundiai-Fase-1A-Via-Anhanguera-Ju.-1-768x422.jpg 768w, https:\/\/tvtecjundiai.com.br\/news\/wp-content\/uploads\/sites\/2\/2023\/06\/Lancamento-de-Vigas-Complexo-Viario-de-Jundiai-Fase-1A-Via-Anhanguera-Ju.-1.jpg 1280w\" sizes=\"auto, (max-width: 1200px) 100vw, 1200px\" \/><figcaption class=\"wp-element-caption\">A concession\u00e1ria est\u00e1 investindo R$ 6,5 milh\u00f5es nessas obras, que tamb\u00e9m geram 118 postos de trabalho.<\/figcaption><\/figure>\n<\/div>\n\n\n<p>A concession\u00e1ria providenciar\u00e1 a devida sinaliza\u00e7\u00e3o nos vi\u00e1rios municipais para indicar desvios e bloqueios de tr\u00e1fego durante a opera\u00e7\u00e3o do guindaste. Portanto, \u00e9 recomendado que os motoristas evitem essas vias durante os hor\u00e1rios indicados e respeitem a sinaliza\u00e7\u00e3o.<\/p>\n\n\n\n<p>As melhorias na passarela do km 62 da Rodovia Anhanguera incluem a substitui\u00e7\u00e3o das rampas por estruturas que seguem as normas de acessibilidade, como patamares de descanso, piso podot\u00e1til para orienta\u00e7\u00e3o de pessoas com defici\u00eancia visual e corrim\u00e3o ao longo das rampas. A concession\u00e1ria est\u00e1 investindo R$ 6,5 milh\u00f5es nessas obras, que tamb\u00e9m geram 118 postos de trabalho. Os trabalhos devem ser conclu\u00eddos at\u00e9 agosto. Durante esse per\u00edodo, o acesso \u00e0 passarela est\u00e1 sendo feito por meio de escadas provis\u00f3rias instaladas no local.<\/p>\n\n\n\n<p><strong><em>Fonte \/ Imagem: CCR AutoBAn<\/em><\/strong><\/p>\n","protected":false},"excerpt":{"rendered":"<p>A concession\u00e1ria est\u00e1 investindo R$ 6,5 milh\u00f5es nessas obras, que tamb\u00e9m geram 118 postos de trabalho.<\/p>\n","protected":false},"author":30,"featured_media":111564,"comment_status":"closed","ping_status":"0","sticky":false,"template":"","format":"standard","meta":{"footnotes":""},"categories":[8356,1],"tags":[],"class_list":["post-111563","post","type-post","status-publish","format-standard","has-post-thumbnail","hentry","category-jundiai","category-noticias"],"_links":{"self":[{"href":"https:\/\/tvtecjundiai.com.br\/news\/wp-json\/wp\/v2\/posts\/111563","targetHints":{"allow":["GET"]}}],"collection":[{"href":"https:\/\/tvtecjundiai.com.br\/news\/wp-json\/wp\/v2\/posts"}],"about":[{"href":"https:\/\/tvtecjundiai.com.br\/news\/wp-json\/wp\/v2\/types\/post"}],"author":[{"embeddable":true,"href":"https:\/\/tvtecjundiai.com.br\/news\/wp-json\/wp\/v2\/users\/30"}],"replies":[{"embeddable":true,"href":"https:\/\/tvtecjundiai.com.br\/news\/wp-json\/wp\/v2\/comments?post=111563"}],"version-history":[{"count":3,"href":"https:\/\/tvtecjundiai.com.br\/news\/wp-json\/wp\/v2\/posts\/111563\/revisions"}],"predecessor-version":[{"id":111585,"href":"https:\/\/tvtecjundiai.com.br\/news\/wp-json\/wp\/v2\/posts\/111563\/revisions\/111585"}],"wp:featuredmedia":[{"embeddable":true,"href":"https:\/\/tvtecjundiai.com.br\/news\/wp-json\/wp\/v2\/media\/111564"}],"wp:attachment":[{"href":"https:\/\/tvtecjundiai.com.br\/news\/wp-json\/wp\/v2\/media?parent=111563"}],"wp:term":[{"taxonomy":"category","embeddable":true,"href":"https:\/\/tvtecjundiai.com.br\/news\/wp-json\/wp\/v2\/categories?post=111563"},{"taxonomy":"post_tag","embeddable":true,"href":"https:\/\/tvtecjundiai.com.br\/news\/wp-json\/wp\/v2\/tags?post=111563"}],"curies":[{"name":"wp","href":"https:\/\/api.w.org\/{rel}","templated":true}]}}