{"id":111591,"date":"2023-06-29T11:19:19","date_gmt":"2023-06-29T14:19:19","guid":{"rendered":"https:\/\/tvtecjundiai.com.br\/news\/?p=111591"},"modified":"2023-06-29T11:19:19","modified_gmt":"2023-06-29T14:19:19","slug":"aumento-das-passagens-de-onibus-intermunicipais-comeca-a-valer-no-sabado-1","status":"publish","type":"post","link":"https:\/\/tvtecjundiai.com.br\/news\/2023\/06\/29\/aumento-das-passagens-de-onibus-intermunicipais-comeca-a-valer-no-sabado-1\/","title":{"rendered":"Aumento das passagens de \u00f4nibus intermunicipais come\u00e7a a valer no s\u00e1bado (1)"},"content":{"rendered":"\n<p>Come\u00e7a a valer a partir de s\u00e1bado (1\u00b0) o reajuste de 18% no pre\u00e7o das passagens de \u00f4nibus intermunicipais (suburbanos e rodovi\u00e1rios), autorizado pela Ag\u00eancia de Transporte do Estado de S\u00e3o Paulo (Artesp) em maio.<\/p>\n\n\n\n<p>Considerando o aumento, uma viagem com \u00f4nibus rodovi\u00e1rio de Jundia\u00ed ao Terminal Tiet\u00ea, em S\u00e3o Paulo, por exemplo, passar\u00e1 de R$ 20,15 para R$ 23,25. <\/p>\n\n\n<div class=\"wp-block-image\">\n<figure class=\"aligncenter size-full is-resized\"><img loading=\"lazy\" decoding=\"async\" src=\"https:\/\/tvtecjundiai.com.br\/news\/wp-content\/uploads\/sites\/2\/2023\/06\/onibus-rapido-luxo-campinas.jpg\" alt=\"\" class=\"wp-image-111592\" width=\"665\" height=\"440\" srcset=\"https:\/\/tvtecjundiai.com.br\/news\/wp-content\/uploads\/sites\/2\/2023\/06\/onibus-rapido-luxo-campinas.jpg 1024w, https:\/\/tvtecjundiai.com.br\/news\/wp-content\/uploads\/sites\/2\/2023\/06\/onibus-rapido-luxo-campinas-300x199.jpg 300w, https:\/\/tvtecjundiai.com.br\/news\/wp-content\/uploads\/sites\/2\/2023\/06\/onibus-rapido-luxo-campinas-768x509.jpg 768w\" sizes=\"auto, (max-width: 665px) 100vw, 665px\" \/><\/figure>\n<\/div>\n\n\n<p><\/p>\n\n\n\n<p>Os \u00f4nibus suburbanos, aqueles com catracas e sem bagageiro que s\u00e3o os mais utilizados no dia a dia, tamb\u00e9m ter\u00e3o aumento na tarifa. Os novos valores est\u00e3o em atualiza\u00e7\u00e3o no site da R\u00e1pido Luxo Campinas <a href=\"https:\/\/www.rapidocampinas.com.br\/servicos\/linhas-e-horarios\/\">https:\/\/www.rapidocampinas.com.br\/servicos\/linhas-e-horarios\/<\/a>. Confira o que j\u00e1 foi definido:<\/p>\n\n\n\n<ul class=\"wp-block-list\">\n<li>De Jundia\u00ed a V\u00e1rzea Paulista \u2013 R$ 6,40<\/li>\n\n\n\n<li>De Jundia\u00ed a Campo Limpo Paulista \u2013 R$ 7,30<\/li>\n\n\n\n<li>De Jundia\u00ed a Cabre\u00fava &#8211; Jacar\u00e9 Bonfim \u2013 R$ 8,10<\/li>\n\n\n\n<li>De Jundia\u00ed a Cabre\u00fava &#8211; Pinhal ou Cesp &#8211; R$ 8,70<\/li>\n\n\n\n<li>Entre Jundia\u00ed e Itupeva, para Independ\u00eancia, Chave ou via Traviu \u2013 R$ 7,00<\/li>\n\n\n\n<li>De Jundia\u00ed a Itupeva &#8211; Direto &#8211; R$ 6,80<\/li>\n<\/ul>\n\n\n\n<p><strong><em>(Fonte: TVTEC Jundia\u00ed\/Imagem: Divulga\u00e7\u00e3o\/R\u00e1pido Luxo Campinas)<\/em><\/strong><\/p>\n","protected":false},"excerpt":{"rendered":"<p>Reajuste de 18% no valor das tarifas foi autorizado pela Artesp em maio<\/p>\n","protected":false},"author":30,"featured_media":111592,"comment_status":"closed","ping_status":"0","sticky":false,"template":"","format":"standard","meta":{"footnotes":""},"categories":[8356,1,3059],"tags":[],"class_list":["post-111591","post","type-post","status-publish","format-standard","has-post-thumbnail","hentry","category-jundiai","category-noticias","category-transportes"],"_links":{"self":[{"href":"https:\/\/tvtecjundiai.com.br\/news\/wp-json\/wp\/v2\/posts\/111591","targetHints":{"allow":["GET"]}}],"collection":[{"href":"https:\/\/tvtecjundiai.com.br\/news\/wp-json\/wp\/v2\/posts"}],"about":[{"href":"https:\/\/tvtecjundiai.com.br\/news\/wp-json\/wp\/v2\/types\/post"}],"author":[{"embeddable":true,"href":"https:\/\/tvtecjundiai.com.br\/news\/wp-json\/wp\/v2\/users\/30"}],"replies":[{"embeddable":true,"href":"https:\/\/tvtecjundiai.com.br\/news\/wp-json\/wp\/v2\/comments?post=111591"}],"version-history":[{"count":3,"href":"https:\/\/tvtecjundiai.com.br\/news\/wp-json\/wp\/v2\/posts\/111591\/revisions"}],"predecessor-version":[{"id":111595,"href":"https:\/\/tvtecjundiai.com.br\/news\/wp-json\/wp\/v2\/posts\/111591\/revisions\/111595"}],"wp:featuredmedia":[{"embeddable":true,"href":"https:\/\/tvtecjundiai.com.br\/news\/wp-json\/wp\/v2\/media\/111592"}],"wp:attachment":[{"href":"https:\/\/tvtecjundiai.com.br\/news\/wp-json\/wp\/v2\/media?parent=111591"}],"wp:term":[{"taxonomy":"category","embeddable":true,"href":"https:\/\/tvtecjundiai.com.br\/news\/wp-json\/wp\/v2\/categories?post=111591"},{"taxonomy":"post_tag","embeddable":true,"href":"https:\/\/tvtecjundiai.com.br\/news\/wp-json\/wp\/v2\/tags?post=111591"}],"curies":[{"name":"wp","href":"https:\/\/api.w.org\/{rel}","templated":true}]}}