{"id":111600,"date":"2023-06-29T14:08:41","date_gmt":"2023-06-29T17:08:41","guid":{"rendered":"https:\/\/tvtecjundiai.com.br\/news\/?p=111600"},"modified":"2023-06-29T14:40:25","modified_gmt":"2023-06-29T17:40:25","slug":"paulo-braga-trio-participa-do-concerto-da-osmj-neste-sabado-01","status":"publish","type":"post","link":"https:\/\/tvtecjundiai.com.br\/news\/2023\/06\/29\/paulo-braga-trio-participa-do-concerto-da-osmj-neste-sabado-01\/","title":{"rendered":"Paulo Braga Trio participa de concerto da Orquestra Municipal de Jundia\u00ed no s\u00e1bado (1)"},"content":{"rendered":"\n<p>A Orquestra Sinf\u00f4nica Municipal de Jundia\u00ed (OSMJ) realiza, no s\u00e1bado (1), a partir das 20h, mais um concerto da temporada 2023. Para o espet\u00e1culo gratuito, a orquestra traz para o Teatro Polytheama Paulo Braga Trio, que segundo a Diretora art\u00edstica e regente titular, Claudia Feres o programa foi sucesso na temporada de 2022 e assim, ser\u00e1 repetido nessa temporada.&nbsp;<\/p>\n\n\n\n<p>\u201cTrazemos mais uma vez esse trabalho para aqueles que n\u00e3o tiveram a oportunidade de assistir no ano passado e para aqueles que vibraram com a maestria desse Trio! Temos dois grandes talentos jundiaienses nesse concerto: Paulo Braga no palco, e Daniel Muller em v\u00e1rios arranjos. Pretendemos trazer em todas as temporadas pelo menos um concerto dedicado \u00e0 m\u00fasica popular, flexibilizando nosso repert\u00f3rio\u201d, comentou Claudia Feres.<\/p>\n\n\n<div class=\"wp-block-image\">\n<figure class=\"aligncenter size-large\"><img loading=\"lazy\" decoding=\"async\" width=\"1200\" height=\"801\" src=\"https:\/\/tvtecjundiai.com.br\/news\/wp-content\/uploads\/sites\/2\/2023\/06\/concerto_osmj_teatro_polytheama_abertura_temporada_2023-1-1280x854-1-2-1200x801.jpg\" alt=\"\" class=\"wp-image-111601\" srcset=\"https:\/\/tvtecjundiai.com.br\/news\/wp-content\/uploads\/sites\/2\/2023\/06\/concerto_osmj_teatro_polytheama_abertura_temporada_2023-1-1280x854-1-2-1200x801.jpg 1200w, https:\/\/tvtecjundiai.com.br\/news\/wp-content\/uploads\/sites\/2\/2023\/06\/concerto_osmj_teatro_polytheama_abertura_temporada_2023-1-1280x854-1-2-300x200.jpg 300w, https:\/\/tvtecjundiai.com.br\/news\/wp-content\/uploads\/sites\/2\/2023\/06\/concerto_osmj_teatro_polytheama_abertura_temporada_2023-1-1280x854-1-2-768x512.jpg 768w, https:\/\/tvtecjundiai.com.br\/news\/wp-content\/uploads\/sites\/2\/2023\/06\/concerto_osmj_teatro_polytheama_abertura_temporada_2023-1-1280x854-1-2.jpg 1280w\" sizes=\"auto, (max-width: 1200px) 100vw, 1200px\" \/><figcaption class=\"wp-element-caption\">OSMJ apresenta-se neste s\u00e1bado no Polytheama, com entrada gratuita<\/figcaption><\/figure>\n<\/div>\n\n\n<p>Al\u00e9m de Paulo Braga, o trio traz Edu Ribeiro na bateria e Bruno Migotto no contrabaixo. Nesse concerto a OSMJ apresenta composi\u00e7\u00f5es de Paulo Braga em vers\u00f5es preparadas por alguns dos mais importantes arranjadores paulistas \u2013 Nelson Ayres, Tiago Costa, Daniel Muller e Rafael Piccolotto de Lima, especialmente feitos para a nossa Orquestra.<\/p>\n\n\n\n<p><strong>Servi\u00e7o<\/strong><br><strong>Orquestra Sinf\u00f4nica Municipal de Jundia\u00ed<\/strong><br>Diretora art\u00edstica e regente titular \u2013 Claudia Feres<br>Paulo Braga Trio \u2013 Paulo Braga \u2013 piano, Edu Ribeiro \u2013 bateria, Bruno Migotto \u2013 baixo<br>S\u00e1bado, 1\u00ba de julho \u2013 20h<br>Teatro Polytheama<br>Gratuito \u2013 dois ingressos por pessoa, retirados na bilheteria do Polytheama, ou na Internet pela plataforma Sympla.<\/p>\n\n\n\n<p><strong><em>Fonte \/ Imagem: Prefeitura de Jundia\u00ed<\/em><\/strong><\/p>\n","protected":false},"excerpt":{"rendered":"<p>OSMJ apresenta-se neste s\u00e1bado no Polytheama, com entrada gratuita<\/p>\n","protected":false},"author":30,"featured_media":111601,"comment_status":"closed","ping_status":"0","sticky":false,"template":"","format":"standard","meta":{"footnotes":""},"categories":[8356,1],"tags":[],"class_list":["post-111600","post","type-post","status-publish","format-standard","has-post-thumbnail","hentry","category-jundiai","category-noticias"],"_links":{"self":[{"href":"https:\/\/tvtecjundiai.com.br\/news\/wp-json\/wp\/v2\/posts\/111600","targetHints":{"allow":["GET"]}}],"collection":[{"href":"https:\/\/tvtecjundiai.com.br\/news\/wp-json\/wp\/v2\/posts"}],"about":[{"href":"https:\/\/tvtecjundiai.com.br\/news\/wp-json\/wp\/v2\/types\/post"}],"author":[{"embeddable":true,"href":"https:\/\/tvtecjundiai.com.br\/news\/wp-json\/wp\/v2\/users\/30"}],"replies":[{"embeddable":true,"href":"https:\/\/tvtecjundiai.com.br\/news\/wp-json\/wp\/v2\/comments?post=111600"}],"version-history":[{"count":4,"href":"https:\/\/tvtecjundiai.com.br\/news\/wp-json\/wp\/v2\/posts\/111600\/revisions"}],"predecessor-version":[{"id":111615,"href":"https:\/\/tvtecjundiai.com.br\/news\/wp-json\/wp\/v2\/posts\/111600\/revisions\/111615"}],"wp:featuredmedia":[{"embeddable":true,"href":"https:\/\/tvtecjundiai.com.br\/news\/wp-json\/wp\/v2\/media\/111601"}],"wp:attachment":[{"href":"https:\/\/tvtecjundiai.com.br\/news\/wp-json\/wp\/v2\/media?parent=111600"}],"wp:term":[{"taxonomy":"category","embeddable":true,"href":"https:\/\/tvtecjundiai.com.br\/news\/wp-json\/wp\/v2\/categories?post=111600"},{"taxonomy":"post_tag","embeddable":true,"href":"https:\/\/tvtecjundiai.com.br\/news\/wp-json\/wp\/v2\/tags?post=111600"}],"curies":[{"name":"wp","href":"https:\/\/api.w.org\/{rel}","templated":true}]}}