{"id":111603,"date":"2023-06-29T14:13:50","date_gmt":"2023-06-29T17:13:50","guid":{"rendered":"https:\/\/tvtecjundiai.com.br\/news\/?p=111603"},"modified":"2023-06-29T14:13:53","modified_gmt":"2023-06-29T17:13:53","slug":"sabado-tem-vacinacao-em-dois-pontos-em-jundiai","status":"publish","type":"post","link":"https:\/\/tvtecjundiai.com.br\/news\/2023\/06\/29\/sabado-tem-vacinacao-em-dois-pontos-em-jundiai\/","title":{"rendered":"S\u00e1bado tem vacina\u00e7\u00e3o em dois pontos em Jundia\u00ed"},"content":{"rendered":"\n<p>Jundia\u00ed realiza neste s\u00e1bado (1) campanha de vacina\u00e7\u00e3o no Espa\u00e7o Jundia\u00ed Empreendedora (no Maxi Shopping), das 11h \u00e0s 17h, e na Unidade B\u00e1sica de Sa\u00fade (UBS) Vila Aparecida (rua Areias, 22), das 8h \u00e0s 16h.<\/p>\n\n\n\n<p>Al\u00e9m das doses da vacina contra Covid-19 e contra Influenza (gripe), ser\u00e3o aplicadas as vacinas de rotina previstas no Calend\u00e1rio Nacional de Imuniza\u00e7\u00e3o para crian\u00e7as, adolescentes e adultos.<\/p>\n\n\n\n<p>No Munic\u00edpio, o imunizante contra gripe est\u00e1 dispon\u00edvel para a popula\u00e7\u00e3o a partir dos seis meses de idade. Contra a Covid-19, seguem sendo aplicadas a vacina monovalente Pfizer para pessoas com 12 anos ou mais; a Pfizer Baby para crian\u00e7as com 6 meses a 4 anos (D1, D2 e D3); a Pfizer Pedi\u00e1trica para crian\u00e7as de 5 a 11 anos (D1, D2 e refor\u00e7o); e a Pfizer bivalente para o p\u00fablico a partir de 18 anos e que tenha recebido, no m\u00ednimo, duas doses da monovalente, sendo a \u00faltima dose h\u00e1, pelo menos, quatro meses.<\/p>\n\n\n<div class=\"wp-block-image\">\n<figure class=\"aligncenter size-large\"><img loading=\"lazy\" decoding=\"async\" width=\"1200\" height=\"801\" src=\"https:\/\/tvtecjundiai.com.br\/news\/wp-content\/uploads\/sites\/2\/2023\/06\/caqui_vacina-154-1-1200x801.jpg\" alt=\"\" class=\"wp-image-111604\" srcset=\"https:\/\/tvtecjundiai.com.br\/news\/wp-content\/uploads\/sites\/2\/2023\/06\/caqui_vacina-154-1-1200x801.jpg 1200w, https:\/\/tvtecjundiai.com.br\/news\/wp-content\/uploads\/sites\/2\/2023\/06\/caqui_vacina-154-1-300x200.jpg 300w, https:\/\/tvtecjundiai.com.br\/news\/wp-content\/uploads\/sites\/2\/2023\/06\/caqui_vacina-154-1-768x512.jpg 768w, https:\/\/tvtecjundiai.com.br\/news\/wp-content\/uploads\/sites\/2\/2023\/06\/caqui_vacina-154-1.jpg 1280w\" sizes=\"auto, (max-width: 1200px) 100vw, 1200px\" \/><figcaption class=\"wp-element-caption\">\u00c9 fundamental que a popula\u00e7\u00e3o mantenha a carteirinha de vacina\u00e7\u00e3o atualizada<\/figcaption><\/figure>\n<\/div>\n\n\n<p>De acordo com o Minist\u00e9rio da Sa\u00fade, a vacina contra a Influenza pode ser aplicada junto a qualquer vacina da rotina e tamb\u00e9m com as doses contra o coronav\u00edrus.<\/p>\n\n\n\n<p>\u00c9 necess\u00e1rio apresentar um documento de identidade e a caderneta de vacina\u00e7\u00e3o. No caso da vacina contra a Covid-19, quem n\u00e3o estiver com o comprovante, pode informar no momento e ser\u00e1 emitido outro imediatamente.<\/p>\n\n\n\n<p><strong><em>Fonte \/ Imagem: Prefeitura de Jundia\u00ed<\/em><\/strong><\/p>\n","protected":false},"excerpt":{"rendered":"<p>\u00c9 fundamental que a popula\u00e7\u00e3o mantenha a carteirinha de vacina\u00e7\u00e3o atualizada<\/p>\n","protected":false},"author":30,"featured_media":111604,"comment_status":"closed","ping_status":"0","sticky":false,"template":"","format":"standard","meta":{"footnotes":""},"categories":[8356,1],"tags":[],"class_list":["post-111603","post","type-post","status-publish","format-standard","has-post-thumbnail","hentry","category-jundiai","category-noticias"],"_links":{"self":[{"href":"https:\/\/tvtecjundiai.com.br\/news\/wp-json\/wp\/v2\/posts\/111603","targetHints":{"allow":["GET"]}}],"collection":[{"href":"https:\/\/tvtecjundiai.com.br\/news\/wp-json\/wp\/v2\/posts"}],"about":[{"href":"https:\/\/tvtecjundiai.com.br\/news\/wp-json\/wp\/v2\/types\/post"}],"author":[{"embeddable":true,"href":"https:\/\/tvtecjundiai.com.br\/news\/wp-json\/wp\/v2\/users\/30"}],"replies":[{"embeddable":true,"href":"https:\/\/tvtecjundiai.com.br\/news\/wp-json\/wp\/v2\/comments?post=111603"}],"version-history":[{"count":1,"href":"https:\/\/tvtecjundiai.com.br\/news\/wp-json\/wp\/v2\/posts\/111603\/revisions"}],"predecessor-version":[{"id":111605,"href":"https:\/\/tvtecjundiai.com.br\/news\/wp-json\/wp\/v2\/posts\/111603\/revisions\/111605"}],"wp:featuredmedia":[{"embeddable":true,"href":"https:\/\/tvtecjundiai.com.br\/news\/wp-json\/wp\/v2\/media\/111604"}],"wp:attachment":[{"href":"https:\/\/tvtecjundiai.com.br\/news\/wp-json\/wp\/v2\/media?parent=111603"}],"wp:term":[{"taxonomy":"category","embeddable":true,"href":"https:\/\/tvtecjundiai.com.br\/news\/wp-json\/wp\/v2\/categories?post=111603"},{"taxonomy":"post_tag","embeddable":true,"href":"https:\/\/tvtecjundiai.com.br\/news\/wp-json\/wp\/v2\/tags?post=111603"}],"curies":[{"name":"wp","href":"https:\/\/api.w.org\/{rel}","templated":true}]}}