{"id":111606,"date":"2023-06-29T14:21:01","date_gmt":"2023-06-29T17:21:01","guid":{"rendered":"https:\/\/tvtecjundiai.com.br\/news\/?p=111606"},"modified":"2023-06-29T14:21:01","modified_gmt":"2023-06-29T17:21:01","slug":"jundiai-recebe-certificado-estadual-de-cidade-resiliente","status":"publish","type":"post","link":"https:\/\/tvtecjundiai.com.br\/news\/2023\/06\/29\/jundiai-recebe-certificado-estadual-de-cidade-resiliente\/","title":{"rendered":"Jundia\u00ed recebe certificado estadual de Cidade Resiliente"},"content":{"rendered":"\n<p>Jundia\u00ed recebeu o Certificado de Resili\u00eancia do Programa Munic\u00edpio Resiliente, do Governo do Estado de S\u00e3o Paulo. A cidade obteve um total de 85,5 pontos aferidos com base nos indicadores de gest\u00e3o do \u00cdndice de Efetividade da Gest\u00e3o Municipal (ieg-m). A cerim\u00f4nia foi realizada no Pal\u00e1cio dos Bandeirantes, em S\u00e3o Paulo.<\/p>\n\n\n\n<p>O representante de Jundia\u00ed na premia\u00e7\u00e3o foi o Coordenador da Defesa Civil do munic\u00edpio, coronel Jo\u00e3o Os\u00f3rio Gimenez Germano. O evento contou com a presen\u00e7a do Governador Tarc\u00edsio de Freitas. \u201cA Defesa Civil atua diariamente para proteger e garantir a seguran\u00e7a dos moradores de Jundia\u00ed. Receber novamente esse certificado \u00e9 uma honra e mostra que temos desenvolvido trabalhos efetivos e de grande qualidade\u201d, comenta Gimenez.<\/p>\n\n\n<div class=\"wp-block-image\">\n<figure class=\"aligncenter size-full\"><img loading=\"lazy\" decoding=\"async\" width=\"1024\" height=\"768\" src=\"https:\/\/tvtecjundiai.com.br\/news\/wp-content\/uploads\/sites\/2\/2023\/06\/whatsapp-image-2023-06-28-at-11-35-09.jpeg\" alt=\"\" class=\"wp-image-111607\" srcset=\"https:\/\/tvtecjundiai.com.br\/news\/wp-content\/uploads\/sites\/2\/2023\/06\/whatsapp-image-2023-06-28-at-11-35-09.jpeg 1024w, https:\/\/tvtecjundiai.com.br\/news\/wp-content\/uploads\/sites\/2\/2023\/06\/whatsapp-image-2023-06-28-at-11-35-09-300x225.jpeg 300w, https:\/\/tvtecjundiai.com.br\/news\/wp-content\/uploads\/sites\/2\/2023\/06\/whatsapp-image-2023-06-28-at-11-35-09-768x576.jpeg 768w\" sizes=\"auto, (max-width: 1024px) 100vw, 1024px\" \/><figcaption class=\"wp-element-caption\">Coronel Gimenez representou a Prefeitura de Jundia\u00ed na entrega do certificado<\/figcaption><\/figure>\n<\/div>\n\n\n<p>A cidade melhorou a nota em rela\u00e7\u00e3o ao ano anterior, quando anotou 83 pontos. Segundo o Gestor da Casa Civil, Dr. Gustavo Maryssael, a melhora se deve pelos investimentos realizados na Gest\u00e3o do Prefeito Luiz Fernando Machado, al\u00e9m do comprometimento de toda a equipe. \u201cA Defesa Civil \u00e9 extremamente atuante em nosso munic\u00edpio, principalmente na busca pela preven\u00e7\u00e3o de desastres. A certifica\u00e7\u00e3o mostra que o trabalho segue no rumo certo\u201d, afirma o Gestor.<\/p>\n\n\n\n<p>O Programa Munic\u00edpio Resiliente \u00e9 coordenado pela Defesa Civil do Estado de S\u00e3o Paulo e avalia a maturidade da administra\u00e7\u00e3o municipal, na gest\u00e3o dos riscos e dos desastres, por interm\u00e9dio de indicadores do ieg-m, do Tribunal de Contas de S\u00e3o Paulo, do Programa Munic\u00edpio VerdeAzul (PMVA), da Secretaria de Infraestrutura e Meio Ambiente e da Campanha Construindo Cidades Resilientes, da ONU.<\/p>\n\n\n\n<p><em><strong>Fonte \/ Imagem: Prefeitura de Jundia\u00ed<\/strong><\/em><\/p>\n","protected":false},"excerpt":{"rendered":"<p>Coronel Gimenez representou a Prefeitura de Jundia\u00ed na entrega do certificado<\/p>\n","protected":false},"author":30,"featured_media":111607,"comment_status":"closed","ping_status":"0","sticky":false,"template":"","format":"standard","meta":{"footnotes":""},"categories":[8356,1],"tags":[],"class_list":["post-111606","post","type-post","status-publish","format-standard","has-post-thumbnail","hentry","category-jundiai","category-noticias"],"_links":{"self":[{"href":"https:\/\/tvtecjundiai.com.br\/news\/wp-json\/wp\/v2\/posts\/111606","targetHints":{"allow":["GET"]}}],"collection":[{"href":"https:\/\/tvtecjundiai.com.br\/news\/wp-json\/wp\/v2\/posts"}],"about":[{"href":"https:\/\/tvtecjundiai.com.br\/news\/wp-json\/wp\/v2\/types\/post"}],"author":[{"embeddable":true,"href":"https:\/\/tvtecjundiai.com.br\/news\/wp-json\/wp\/v2\/users\/30"}],"replies":[{"embeddable":true,"href":"https:\/\/tvtecjundiai.com.br\/news\/wp-json\/wp\/v2\/comments?post=111606"}],"version-history":[{"count":1,"href":"https:\/\/tvtecjundiai.com.br\/news\/wp-json\/wp\/v2\/posts\/111606\/revisions"}],"predecessor-version":[{"id":111608,"href":"https:\/\/tvtecjundiai.com.br\/news\/wp-json\/wp\/v2\/posts\/111606\/revisions\/111608"}],"wp:featuredmedia":[{"embeddable":true,"href":"https:\/\/tvtecjundiai.com.br\/news\/wp-json\/wp\/v2\/media\/111607"}],"wp:attachment":[{"href":"https:\/\/tvtecjundiai.com.br\/news\/wp-json\/wp\/v2\/media?parent=111606"}],"wp:term":[{"taxonomy":"category","embeddable":true,"href":"https:\/\/tvtecjundiai.com.br\/news\/wp-json\/wp\/v2\/categories?post=111606"},{"taxonomy":"post_tag","embeddable":true,"href":"https:\/\/tvtecjundiai.com.br\/news\/wp-json\/wp\/v2\/tags?post=111606"}],"curies":[{"name":"wp","href":"https:\/\/api.w.org\/{rel}","templated":true}]}}