{"id":111613,"date":"2023-06-29T14:43:45","date_gmt":"2023-06-29T17:43:45","guid":{"rendered":"https:\/\/tvtecjundiai.com.br\/news\/?p=111613"},"modified":"2023-06-29T14:43:45","modified_gmt":"2023-06-29T17:43:45","slug":"brincadeiras-de-rua-e-vivencias-esportivas-sao-atracoes-de-julho-no-mundo-das-criancas","status":"publish","type":"post","link":"https:\/\/tvtecjundiai.com.br\/news\/2023\/06\/29\/brincadeiras-de-rua-e-vivencias-esportivas-sao-atracoes-de-julho-no-mundo-das-criancas\/","title":{"rendered":"Brincadeiras de rua e viv\u00eancias esportivas s\u00e3o atra\u00e7\u00f5es de julho no Mundo das Crian\u00e7as"},"content":{"rendered":"\n<p>No m\u00eas das f\u00e9rias, o Mundo das Crian\u00e7as vai contar com uma programa\u00e7\u00e3o recheada de atividades para garantir muita divers\u00e3o durante o recesso escolar. As atividades ser\u00e3o sempre \u00e0s ter\u00e7as, quartas e quintas-feiras, nos per\u00edodos da manh\u00e3 e tarde.<\/p>\n\n\n\n<p>Nas duas primeiras semanas, muitas brincadeiras de rua ser\u00e3o realizadas no Parque Paca, onde vai ter pega-pega, jogo da velha, bolinha de gude e corrida de papel\u00e3o, entre outras atividades.<\/p>\n\n\n\n<p>A partir do dia 18 de julho at\u00e9 o dia 27, as brincadeiras de rua continuam no Parque Paca, mas tamb\u00e9m ser\u00e3o inclu\u00eddas atividades esportivas na pista de skate e parkour, e nas quadras de basquete 3X3, futebol e v\u00f4lei de areia. As atividades ser\u00e3o realizadas simultaneamente em diversos espa\u00e7os, sempre \u00e0s 9h30 e \u00e0s 15 horas.<\/p>\n\n\n\n<p>Para conferir a programa\u00e7\u00e3o detalhada do m\u00eas de julho,&nbsp;<a href=\"https:\/\/daejundiai.com.br\/wp-content\/uploads\/2023\/06\/Programacao-de-ferias-Mundo-das-Criancas.jpeg\">clique aqui<\/a>&nbsp;ou v\u00e1 at\u00e9 o final deste texto.<\/p>\n\n\n\n<p><strong>Oficinas<\/strong><\/p>\n\n\n\n<p>Sempre \u00e0s ter\u00e7as, quartas e quintas-feiras de julho, entre 9 e 16 horas, a Casa da \u00c1rvore vai oferecer oficinas gratuitas para a crian\u00e7ada. Entre 4 e 13 de julho, ser\u00e3o realizadas oficinas de plantio de feij\u00e3o, de desenho e origami da sorte.<\/p>\n\n\n\n<p>Nas duas \u00faltimas semanas de julho, entre 18 e 27 de julho, as oficinas ser\u00e3o de confec\u00e7\u00e3o de balagand\u00e3s,&nbsp;origami e momento criatividade.<\/p>\n\n\n\n<p>O Mundo das Crian\u00e7as \u00e9 um parque gratuito e integrante do complexo administrado pela DAE Jundia\u00ed. De ter\u00e7a a sexta, o acesso \u00e9 liberado, mas aos finais de semana, feriados e emendas de feriados, \u00e9 preciso agendar a visita. O agendamento \u00e9 disponibilizado sempre \u00e0s segundas-feiras, a partir do meio-dia, pelo link\u00a0<a href=\"http:\/\/www.mundodascriancasjundiai.com.br\/agendamento\">http:\/\/www.mundodascriancasjundiai.com.br\/agendamento<\/a><\/p>\n\n\n<div class=\"wp-block-image\">\n<figure class=\"aligncenter size-large is-resized\"><img loading=\"lazy\" decoding=\"async\" src=\"https:\/\/tvtecjundiai.com.br\/news\/wp-content\/uploads\/sites\/2\/2023\/06\/programacao-de-ferias-mundo-das-criancas-1-768x1086-1-679x960.jpeg\" alt=\"\" class=\"wp-image-111616\" width=\"615\" height=\"870\" srcset=\"https:\/\/tvtecjundiai.com.br\/news\/wp-content\/uploads\/sites\/2\/2023\/06\/programacao-de-ferias-mundo-das-criancas-1-768x1086-1-679x960.jpeg 679w, https:\/\/tvtecjundiai.com.br\/news\/wp-content\/uploads\/sites\/2\/2023\/06\/programacao-de-ferias-mundo-das-criancas-1-768x1086-1-300x424.jpeg 300w, https:\/\/tvtecjundiai.com.br\/news\/wp-content\/uploads\/sites\/2\/2023\/06\/programacao-de-ferias-mundo-das-criancas-1-768x1086-1.jpeg 768w\" sizes=\"auto, (max-width: 615px) 100vw, 615px\" \/><\/figure>\n<\/div>\n\n\n<p><strong><em>Fonte \/ Imagem: Prefeitura de Jundia\u00ed<\/em><\/strong><\/p>\n","protected":false},"excerpt":{"rendered":"<p>As atividades ser\u00e3o sempre \u00e0s ter\u00e7as, quartas e quintas-feiras, nos per\u00edodos da manh\u00e3 e tarde.<\/p>\n","protected":false},"author":30,"featured_media":111617,"comment_status":"closed","ping_status":"0","sticky":false,"template":"","format":"standard","meta":{"footnotes":""},"categories":[8356,8354,1],"tags":[],"class_list":["post-111613","post","type-post","status-publish","format-standard","has-post-thumbnail","hentry","category-jundiai","category-lazer","category-noticias"],"_links":{"self":[{"href":"https:\/\/tvtecjundiai.com.br\/news\/wp-json\/wp\/v2\/posts\/111613","targetHints":{"allow":["GET"]}}],"collection":[{"href":"https:\/\/tvtecjundiai.com.br\/news\/wp-json\/wp\/v2\/posts"}],"about":[{"href":"https:\/\/tvtecjundiai.com.br\/news\/wp-json\/wp\/v2\/types\/post"}],"author":[{"embeddable":true,"href":"https:\/\/tvtecjundiai.com.br\/news\/wp-json\/wp\/v2\/users\/30"}],"replies":[{"embeddable":true,"href":"https:\/\/tvtecjundiai.com.br\/news\/wp-json\/wp\/v2\/comments?post=111613"}],"version-history":[{"count":1,"href":"https:\/\/tvtecjundiai.com.br\/news\/wp-json\/wp\/v2\/posts\/111613\/revisions"}],"predecessor-version":[{"id":111618,"href":"https:\/\/tvtecjundiai.com.br\/news\/wp-json\/wp\/v2\/posts\/111613\/revisions\/111618"}],"wp:featuredmedia":[{"embeddable":true,"href":"https:\/\/tvtecjundiai.com.br\/news\/wp-json\/wp\/v2\/media\/111617"}],"wp:attachment":[{"href":"https:\/\/tvtecjundiai.com.br\/news\/wp-json\/wp\/v2\/media?parent=111613"}],"wp:term":[{"taxonomy":"category","embeddable":true,"href":"https:\/\/tvtecjundiai.com.br\/news\/wp-json\/wp\/v2\/categories?post=111613"},{"taxonomy":"post_tag","embeddable":true,"href":"https:\/\/tvtecjundiai.com.br\/news\/wp-json\/wp\/v2\/tags?post=111613"}],"curies":[{"name":"wp","href":"https:\/\/api.w.org\/{rel}","templated":true}]}}