{"id":111619,"date":"2023-06-29T14:45:45","date_gmt":"2023-06-29T17:45:45","guid":{"rendered":"https:\/\/tvtecjundiai.com.br\/news\/?p=111619"},"modified":"2023-06-29T14:48:08","modified_gmt":"2023-06-29T17:48:08","slug":"quase-3-mil-vagas-de-emprego-estao-disponiveis-no-portal-jundiai-empreendedora-nesta-quinta-29","status":"publish","type":"post","link":"https:\/\/tvtecjundiai.com.br\/news\/2023\/06\/29\/quase-3-mil-vagas-de-emprego-estao-disponiveis-no-portal-jundiai-empreendedora-nesta-quinta-29\/","title":{"rendered":"Mais de 3 mil vagas dispon\u00edveis no portal Jundia\u00ed Empreendedora, nesta quinta-feira (29)"},"content":{"rendered":"\n<p>O portal Jundia\u00ed Empreendedora est\u00e1 com mais de 2,7 mil vagas de empregos dispon\u00edveis nesta quinta-feira (29). O n\u00famero \u00e9 um dos maiores j\u00e1 registrados pela plataforma, de acordo com a Unidade de Gest\u00e3o de Desenvolvimento Econ\u00f4mico, Ci\u00eancia e Tecnologia, e refor\u00e7a a voca\u00e7\u00e3o empreendedora do munic\u00edpio e o planejamento voltado \u00e0 empregabilidade.<\/p>\n\n\n\n<p>Entre as milhares de vagas oferecidas no portal, est\u00e3o: auxiliar de t\u00e9cnico de eletr\u00f4nica, mec\u00e2nico de autom\u00f3vel, assistente administrativo, atendente balconista, auxiliar de cozinha, terapeuta ocupacional, jardineiro e cuidador de sa\u00fade, entre outros. Todas est\u00e3o dispon\u00edveis neste\u00a0<a rel=\"noreferrer noopener\" href=\"https:\/\/negocios.jundiai.sp.gov.br\/\" target=\"_blank\">link.<\/a><\/p>\n\n\n\n<p>O portal tamb\u00e9m conta com mais de 110 vagas espec\u00edficas para pessoas com defici\u00eancia<br>(PCD). A atualiza\u00e7\u00e3o das ofertas de vagas \u00e9 realizada permanentemente. \u201cO Jundia\u00ed Empreendedora \u00e9 um exemplo de como o poder p\u00fablico pode ter um papel incentivador das empresas que geram oportunidades. Essa \u00e9 a cidade que queremos construir diariamente: a que oferece emprego, renda e dignidade \u00e0s pessoas\u201d, destacou o prefeito Luiz Fernando Machado.<\/p>\n\n\n<div class=\"wp-block-image\">\n<figure class=\"aligncenter size-large\"><img loading=\"lazy\" decoding=\"async\" width=\"1200\" height=\"900\" src=\"https:\/\/tvtecjundiai.com.br\/news\/wp-content\/uploads\/sites\/2\/2023\/06\/portal-atualizado-2-1280x960-1-1200x900.jpg\" alt=\"\" class=\"wp-image-111620\" srcset=\"https:\/\/tvtecjundiai.com.br\/news\/wp-content\/uploads\/sites\/2\/2023\/06\/portal-atualizado-2-1280x960-1-1200x900.jpg 1200w, https:\/\/tvtecjundiai.com.br\/news\/wp-content\/uploads\/sites\/2\/2023\/06\/portal-atualizado-2-1280x960-1-300x225.jpg 300w, https:\/\/tvtecjundiai.com.br\/news\/wp-content\/uploads\/sites\/2\/2023\/06\/portal-atualizado-2-1280x960-1-768x576.jpg 768w, https:\/\/tvtecjundiai.com.br\/news\/wp-content\/uploads\/sites\/2\/2023\/06\/portal-atualizado-2-1280x960-1.jpg 1280w\" sizes=\"auto, (max-width: 1200px) 100vw, 1200px\" \/><figcaption class=\"wp-element-caption\">Portal Jundia\u00ed Empreendedora conecta empresas e quem busca oportunidades de emprego<\/figcaption><\/figure>\n<\/div>\n\n\n<p><strong>Novo layout<\/strong><\/p>\n\n\n\n<p>Os interessados em se candidatar \u00e0s vagas devem acessar o portal Jundia\u00ed Empreendedora, no \u00edcone Empregabilidade. \u201cTivemos atualiza\u00e7\u00f5es recentes no portal, que deixaram a ferramenta mais \u00e1gil, moderna e com layout mais f\u00e1cil para se localizar tudo o que oferece. O setor produtivo pode buscar por m\u00e3o de obra qualificada, assim como os trabalhadores podem contar com a oferta das vagas dispon\u00edveis na cidade, al\u00e9m de agregar conhecimento. O grande diferencial do modelo adotado pelo prefeito Luiz Fernando Machado \u00e9 esse: sintetizar numa plataforma virtual esse acolhimento ao cidad\u00e3o para diversas demandas, proporcionando gera\u00e7\u00e3o de emprego, renda e oportunidades\u201d, destacou Jos\u00e9 Antonio Parimoschi, gestor de Governo e Finan\u00e7as.<\/p>\n\n\n<div class=\"wp-block-image\">\n<figure class=\"aligncenter size-large\"><img loading=\"lazy\" decoding=\"async\" width=\"1200\" height=\"800\" src=\"https:\/\/tvtecjundiai.com.br\/news\/wp-content\/uploads\/sites\/2\/2023\/06\/jundiai-empreendedora-carteia-de-trabalho_fm_-34-1280x853-2-1200x800.jpg\" alt=\"\" class=\"wp-image-111621\" srcset=\"https:\/\/tvtecjundiai.com.br\/news\/wp-content\/uploads\/sites\/2\/2023\/06\/jundiai-empreendedora-carteia-de-trabalho_fm_-34-1280x853-2-1200x800.jpg 1200w, https:\/\/tvtecjundiai.com.br\/news\/wp-content\/uploads\/sites\/2\/2023\/06\/jundiai-empreendedora-carteia-de-trabalho_fm_-34-1280x853-2-300x200.jpg 300w, https:\/\/tvtecjundiai.com.br\/news\/wp-content\/uploads\/sites\/2\/2023\/06\/jundiai-empreendedora-carteia-de-trabalho_fm_-34-1280x853-2-768x512.jpg 768w, https:\/\/tvtecjundiai.com.br\/news\/wp-content\/uploads\/sites\/2\/2023\/06\/jundiai-empreendedora-carteia-de-trabalho_fm_-34-1280x853-2.jpg 1280w\" sizes=\"auto, (max-width: 1200px) 100vw, 1200px\" \/><figcaption class=\"wp-element-caption\">Espa\u00e7o Jundia\u00ed Empreendedora atende de segunda \u00e1 sexta das 08h \u00e1s 17h no Maxi Shopping Piso G3<\/figcaption><\/figure>\n<\/div>\n\n\n<p>O espa\u00e7o virtual traz informa\u00e7\u00f5es como o cargo ofertado, a empresa e o n\u00famero de vagas dispon\u00edveis para cada registro, al\u00e9m de um \u00edcone com mais detalhes. Ao interessado, basta se cadastrar e depois clicar em \u201cCandidatar-se\u201d. \u201cO portal vem cumprindo o papel de conectar as pessoas que procuram emprego e as empresas que querem contratar. Nossa miss\u00e3o \u00e9 essa: atuar fortemente em defesa do emprego e da renda em Jundia\u00ed\u201d, comenta Cristiano Lopes, gestor de Desenvolvimento Econ\u00f4mico, Ci\u00eancia e Tecnologia.<\/p>\n\n\n\n<p>Aos que n\u00e3o conseguirem se cadastrar via portal e precisar de aux\u00edlio basta agendar o atendimento no Espa\u00e7o Jundia\u00ed Empreendedora, localizado no Maxi Shopping (Piso G3).<\/p>\n\n\n\n<p><strong><em>Fonte \/ Imagem: Prefeitura de Jundia\u00ed<\/em><\/strong><\/p>\n","protected":false},"excerpt":{"rendered":"<p>Espa\u00e7o Jundia\u00ed Empreendedora atende de segunda \u00e1 sexta das 08h \u00e1s 17h no Maxi Shopping Piso G3<\/p>\n","protected":false},"author":30,"featured_media":111621,"comment_status":"closed","ping_status":"0","sticky":false,"template":"","format":"standard","meta":{"footnotes":""},"categories":[5038,8356,1],"tags":[],"class_list":["post-111619","post","type-post","status-publish","format-standard","has-post-thumbnail","hentry","category-emprego","category-jundiai","category-noticias"],"_links":{"self":[{"href":"https:\/\/tvtecjundiai.com.br\/news\/wp-json\/wp\/v2\/posts\/111619","targetHints":{"allow":["GET"]}}],"collection":[{"href":"https:\/\/tvtecjundiai.com.br\/news\/wp-json\/wp\/v2\/posts"}],"about":[{"href":"https:\/\/tvtecjundiai.com.br\/news\/wp-json\/wp\/v2\/types\/post"}],"author":[{"embeddable":true,"href":"https:\/\/tvtecjundiai.com.br\/news\/wp-json\/wp\/v2\/users\/30"}],"replies":[{"embeddable":true,"href":"https:\/\/tvtecjundiai.com.br\/news\/wp-json\/wp\/v2\/comments?post=111619"}],"version-history":[{"count":2,"href":"https:\/\/tvtecjundiai.com.br\/news\/wp-json\/wp\/v2\/posts\/111619\/revisions"}],"predecessor-version":[{"id":111624,"href":"https:\/\/tvtecjundiai.com.br\/news\/wp-json\/wp\/v2\/posts\/111619\/revisions\/111624"}],"wp:featuredmedia":[{"embeddable":true,"href":"https:\/\/tvtecjundiai.com.br\/news\/wp-json\/wp\/v2\/media\/111621"}],"wp:attachment":[{"href":"https:\/\/tvtecjundiai.com.br\/news\/wp-json\/wp\/v2\/media?parent=111619"}],"wp:term":[{"taxonomy":"category","embeddable":true,"href":"https:\/\/tvtecjundiai.com.br\/news\/wp-json\/wp\/v2\/categories?post=111619"},{"taxonomy":"post_tag","embeddable":true,"href":"https:\/\/tvtecjundiai.com.br\/news\/wp-json\/wp\/v2\/tags?post=111619"}],"curies":[{"name":"wp","href":"https:\/\/api.w.org\/{rel}","templated":true}]}}