{"id":111629,"date":"2023-06-29T15:48:35","date_gmt":"2023-06-29T18:48:35","guid":{"rendered":"https:\/\/tvtecjundiai.com.br\/news\/?p=111629"},"modified":"2023-06-29T15:49:30","modified_gmt":"2023-06-29T18:49:30","slug":"motociclistas-pela-causa-eloy-chaves-recebe-eventos-para-arrecadar-leite","status":"publish","type":"post","link":"https:\/\/tvtecjundiai.com.br\/news\/2023\/06\/29\/motociclistas-pela-causa-eloy-chaves-recebe-eventos-para-arrecadar-leite\/","title":{"rendered":"Motociclistas pela Causa: Eloy Chaves recebe eventos para arrecadar leite"},"content":{"rendered":"\n<p>O bairro Eloy Chaves foi o escolhido pelo motoclube Andarilhos para concentrar a arrecada\u00e7\u00e3o de leite destinado ao Fundo Social de Solidariedade de Jundia\u00ed. Neste s\u00e1bado (1\u00ba) e domingo (2) est\u00e3o programados shows musicais para chamar a aten\u00e7\u00e3o dos moradores e de motociclistas \u00e0 a\u00e7\u00e3o social.<br>Ambos os eventos acontecem no restaurante Home Office \u2013 A Confraria (rua Engenheiro Adilson Jos\u00e9 Mean, 90, Eloy Chaves), com entrada gratuita (quem quiser colaborar com a doa\u00e7\u00e3o, pode levar um litro de leite).<\/p>\n\n\n\n<p>No s\u00e1bado (1\u00ba) tem feijoada sendo servida a partir do meio-dia e apresenta\u00e7\u00e3o, \u00e0s 15h, do grupo S\u00f3 + Um. No domingo (2), \u00e9 a vez da banda Rock Seixas se apresentar, tamb\u00e9m \u00e0s 15h, com tributo a Raul Seixas e o melhor do classic rock nacional e internacional. Tudo o que for doado nestas a\u00e7\u00f5es ser\u00e1 entregue pelos Andarilhos dia 23 de julho, no evento \u201cMotociclistas pela Causa\u201d, marcado para o estacionamento do Pa\u00e7o Municipal.<\/p>\n\n\n<div class=\"wp-block-image\">\n<figure class=\"aligncenter size-large\"><img loading=\"lazy\" decoding=\"async\" width=\"1200\" height=\"900\" src=\"https:\/\/tvtecjundiai.com.br\/news\/wp-content\/uploads\/sites\/2\/2023\/06\/photo-2023-06-26-12-50-06-1200x900.jpg\" alt=\"\" class=\"wp-image-111630\" srcset=\"https:\/\/tvtecjundiai.com.br\/news\/wp-content\/uploads\/sites\/2\/2023\/06\/photo-2023-06-26-12-50-06-1200x900.jpg 1200w, https:\/\/tvtecjundiai.com.br\/news\/wp-content\/uploads\/sites\/2\/2023\/06\/photo-2023-06-26-12-50-06-300x225.jpg 300w, https:\/\/tvtecjundiai.com.br\/news\/wp-content\/uploads\/sites\/2\/2023\/06\/photo-2023-06-26-12-50-06-768x576.jpg 768w, https:\/\/tvtecjundiai.com.br\/news\/wp-content\/uploads\/sites\/2\/2023\/06\/photo-2023-06-26-12-50-06.jpg 1280w\" sizes=\"auto, (max-width: 1200px) 100vw, 1200px\" \/><figcaption class=\"wp-element-caption\">Motociclistas do Andarilhos promovem a a\u00e7\u00e3o para arrecadar leite ao Fundo Social de Solidariedade<\/figcaption><\/figure>\n<\/div>\n\n\n<p><strong>ELA<\/strong><\/p>\n\n\n\n<p>O&nbsp;<a rel=\"noreferrer noopener\" href=\"https:\/\/jundiai.sp.gov.br\/noticias\/2023\/06\/16\/dia-do-motociclista-sera-comemorado-em-jundiai-com-evento-social-e-conscientizacao\/\" target=\"_blank\">evento \u201cMotociclistas pela Causa\u201d ser\u00e1 dia 23 de julho<\/a>, das 10h \u00e0s 17h, no estacionamento do Pa\u00e7o Municipal. A organiza\u00e7\u00e3o \u00e9 da Prefeitura de Jundia\u00ed, em parceria com a Uni\u00e3o dos Motoclubes de Jundia\u00ed e Regi\u00e3o, Mascotinha Rider e apoio da Pol\u00edcia Civil do Estado de S\u00e3o Paulo.<\/p>\n\n\n\n<p>\u201cFomos procurados pela ABrELA (Associa\u00e7\u00e3o Brasileira de Esclerose Lateral Amiotr\u00f3fica) e pela Associa\u00e7\u00e3o Pr\u00f3-Cura da ELA para que pud\u00e9ssemos ajudar na conscientiza\u00e7\u00e3o da doen\u00e7a, preven\u00e7\u00e3o e tratamento dos pacientes. \u00c9 uma doen\u00e7a degenerativa rara, que ataca o sistema nervoso, e temos pessoas em Jundia\u00ed com diagn\u00f3stico\u201d, contou Cristiano Lopes, gestor de Desenvolvimento Econ\u00f4mico, Ci\u00eancia e Tecnologia. \u201cJunto com os representantes dos motoclubes, pensamos em celebrar a data do Dia do Motociclista com esse evento, que representa exatamente a uni\u00e3o e o esp\u00edrito motocicl\u00edstico\u201d.<\/p>\n\n\n<div class=\"wp-block-image\">\n<figure class=\"aligncenter size-large\"><img loading=\"lazy\" decoding=\"async\" width=\"1200\" height=\"900\" src=\"https:\/\/tvtecjundiai.com.br\/news\/wp-content\/uploads\/sites\/2\/2023\/06\/img-8746-1280x960-1-1200x900.jpg\" alt=\"\" class=\"wp-image-111631\" srcset=\"https:\/\/tvtecjundiai.com.br\/news\/wp-content\/uploads\/sites\/2\/2023\/06\/img-8746-1280x960-1-1200x900.jpg 1200w, https:\/\/tvtecjundiai.com.br\/news\/wp-content\/uploads\/sites\/2\/2023\/06\/img-8746-1280x960-1-300x225.jpg 300w, https:\/\/tvtecjundiai.com.br\/news\/wp-content\/uploads\/sites\/2\/2023\/06\/img-8746-1280x960-1-768x576.jpg 768w, https:\/\/tvtecjundiai.com.br\/news\/wp-content\/uploads\/sites\/2\/2023\/06\/img-8746-1280x960-1.jpg 1280w\" sizes=\"auto, (max-width: 1200px) 100vw, 1200px\" \/><figcaption class=\"wp-element-caption\">Motoclubes de Jundia\u00ed e regi\u00e3o est\u00e3o unidos para celebrar o Dia do Motociclista: a\u00e7\u00f5es sociais<\/figcaption><\/figure>\n<\/div>\n\n\n<p>No dia est\u00e3o previstas participa\u00e7\u00f5es de profissionais de sa\u00fade especialistas para orienta\u00e7\u00e3o sobre a ELA, shows de rock e \u00e1rea de alimenta\u00e7\u00e3o com food trucks. Uma atra\u00e7\u00e3o especial ser\u00e1 a apresenta\u00e7\u00e3o de moto habilidade, feita pelo policial civil Zanoni Botelho, instrutor e competidor internacional.<\/p>\n\n\n<div class=\"wp-block-image\">\n<figure class=\"aligncenter size-large is-resized\"><img loading=\"lazy\" decoding=\"async\" src=\"https:\/\/tvtecjundiai.com.br\/news\/wp-content\/uploads\/sites\/2\/2023\/06\/photo-2023-06-29-12-02-05-1280x854-1-1200x801.jpg\" alt=\"\" class=\"wp-image-111632\" width=\"710\" height=\"474\" srcset=\"https:\/\/tvtecjundiai.com.br\/news\/wp-content\/uploads\/sites\/2\/2023\/06\/photo-2023-06-29-12-02-05-1280x854-1-1200x801.jpg 1200w, https:\/\/tvtecjundiai.com.br\/news\/wp-content\/uploads\/sites\/2\/2023\/06\/photo-2023-06-29-12-02-05-1280x854-1-300x200.jpg 300w, https:\/\/tvtecjundiai.com.br\/news\/wp-content\/uploads\/sites\/2\/2023\/06\/photo-2023-06-29-12-02-05-1280x854-1-768x512.jpg 768w, https:\/\/tvtecjundiai.com.br\/news\/wp-content\/uploads\/sites\/2\/2023\/06\/photo-2023-06-29-12-02-05-1280x854-1.jpg 1280w\" sizes=\"auto, (max-width: 710px) 100vw, 710px\" \/><\/figure>\n<\/div>\n\n\n<p><strong><em>Fonte \/ Imagem: Prefeitura de Jundia\u00ed<\/em><\/strong><\/p>\n","protected":false},"excerpt":{"rendered":"<p>Motociclistas do Andarilhos promovem a a\u00e7\u00e3o para arrecadar leite ao Fundo Social de Solidariedade<\/p>\n","protected":false},"author":30,"featured_media":111630,"comment_status":"closed","ping_status":"0","sticky":false,"template":"","format":"standard","meta":{"footnotes":""},"categories":[8356,1],"tags":[],"class_list":["post-111629","post","type-post","status-publish","format-standard","has-post-thumbnail","hentry","category-jundiai","category-noticias"],"_links":{"self":[{"href":"https:\/\/tvtecjundiai.com.br\/news\/wp-json\/wp\/v2\/posts\/111629","targetHints":{"allow":["GET"]}}],"collection":[{"href":"https:\/\/tvtecjundiai.com.br\/news\/wp-json\/wp\/v2\/posts"}],"about":[{"href":"https:\/\/tvtecjundiai.com.br\/news\/wp-json\/wp\/v2\/types\/post"}],"author":[{"embeddable":true,"href":"https:\/\/tvtecjundiai.com.br\/news\/wp-json\/wp\/v2\/users\/30"}],"replies":[{"embeddable":true,"href":"https:\/\/tvtecjundiai.com.br\/news\/wp-json\/wp\/v2\/comments?post=111629"}],"version-history":[{"count":2,"href":"https:\/\/tvtecjundiai.com.br\/news\/wp-json\/wp\/v2\/posts\/111629\/revisions"}],"predecessor-version":[{"id":111634,"href":"https:\/\/tvtecjundiai.com.br\/news\/wp-json\/wp\/v2\/posts\/111629\/revisions\/111634"}],"wp:featuredmedia":[{"embeddable":true,"href":"https:\/\/tvtecjundiai.com.br\/news\/wp-json\/wp\/v2\/media\/111630"}],"wp:attachment":[{"href":"https:\/\/tvtecjundiai.com.br\/news\/wp-json\/wp\/v2\/media?parent=111629"}],"wp:term":[{"taxonomy":"category","embeddable":true,"href":"https:\/\/tvtecjundiai.com.br\/news\/wp-json\/wp\/v2\/categories?post=111629"},{"taxonomy":"post_tag","embeddable":true,"href":"https:\/\/tvtecjundiai.com.br\/news\/wp-json\/wp\/v2\/tags?post=111629"}],"curies":[{"name":"wp","href":"https:\/\/api.w.org\/{rel}","templated":true}]}}