{"id":111639,"date":"2023-06-29T15:54:33","date_gmt":"2023-06-29T18:54:33","guid":{"rendered":"https:\/\/tvtecjundiai.com.br\/news\/?p=111639"},"modified":"2023-06-29T15:54:33","modified_gmt":"2023-06-29T18:54:33","slug":"alunos-do-projeto-formando-campeoes-participam-de-atividade-com-triatleta-olimpico","status":"publish","type":"post","link":"https:\/\/tvtecjundiai.com.br\/news\/2023\/06\/29\/alunos-do-projeto-formando-campeoes-participam-de-atividade-com-triatleta-olimpico\/","title":{"rendered":"Alunos do projeto \u2018Formando Campe\u00f5es\u2019 participam de atividade com triatleta ol\u00edmpico"},"content":{"rendered":"\n<p>Um grupo de alunos do Departamento e Educa\u00e7\u00e3o e Participa\u00e7\u00e3o, da Unidade de Gest\u00e3o de Esporte e Lazer (UGEL) em projeto incentivado \u2013 Escolinha de Triathlon \u2018Formando Campe\u00f5es\u2019 \u2013 se reuniu, na manh\u00e3 desta quinta-feira (29), no Bol\u00e3o, para uma atividade com o triatleta ol\u00edmpico Juraci Moreira, de 43 anos, que participou de tr\u00eas olimp\u00edadas (Sidney em 2000, Atenas em 2004 e Pequim em 2008). Com atividades de atletismo, ciclismo e nata\u00e7\u00e3o, as crian\u00e7as aprenderam um pouco mais sobre a t\u00e9cnica da modalidade com Juraci, criador do projeto em 2015, em Curitiba.<\/p>\n\n\n\n<p>\u201cEu sempre pensei, ainda como atleta, em transformar o Triathlon, que \u00e9 um esporte caro, em algo acess\u00edvel. Por isso, idealizei algo com um aspecto social, j\u00e1 que ele \u00e9 mantido pelo Projeto de Lei Federal de Incentivo ao Esporte\u201d, explica o triatleta. \u201cCome\u00e7amos em 2015, em Curitiba, e hoje temos 24 n\u00facleos, em todo o Pa\u00eds, atendendo 1.300 crian\u00e7as entre 8 e 16 anos.\u201d<\/p>\n\n\n<div class=\"wp-block-image\">\n<figure class=\"aligncenter size-large\"><img loading=\"lazy\" decoding=\"async\" width=\"1200\" height=\"784\" src=\"https:\/\/tvtecjundiai.com.br\/news\/wp-content\/uploads\/sites\/2\/2023\/06\/ugel-escolinha-de-thiathlon-formando-campeoes_fm_-66-1280x836-1-1200x784.jpg\" alt=\"\" class=\"wp-image-111640\" srcset=\"https:\/\/tvtecjundiai.com.br\/news\/wp-content\/uploads\/sites\/2\/2023\/06\/ugel-escolinha-de-thiathlon-formando-campeoes_fm_-66-1280x836-1-1200x784.jpg 1200w, https:\/\/tvtecjundiai.com.br\/news\/wp-content\/uploads\/sites\/2\/2023\/06\/ugel-escolinha-de-thiathlon-formando-campeoes_fm_-66-1280x836-1-300x196.jpg 300w, https:\/\/tvtecjundiai.com.br\/news\/wp-content\/uploads\/sites\/2\/2023\/06\/ugel-escolinha-de-thiathlon-formando-campeoes_fm_-66-1280x836-1-768x502.jpg 768w, https:\/\/tvtecjundiai.com.br\/news\/wp-content\/uploads\/sites\/2\/2023\/06\/ugel-escolinha-de-thiathlon-formando-campeoes_fm_-66-1280x836-1.jpg 1280w\" sizes=\"auto, (max-width: 1200px) 100vw, 1200px\" \/><figcaption class=\"wp-element-caption\">Modalidade engloba tr\u00eas atividades em uma: atletismo, ciclismo e nata\u00e7\u00e3o<\/figcaption><\/figure>\n<\/div>\n\n\n<p>Em Jundia\u00ed, o projeto conta com apoio da Prefeitura, atrav\u00e9s UGEL, que oferece toda a estrutura de espa\u00e7os p\u00fablicos, como Bol\u00e3o e Parque da Uva, e das empresas Astra, Japi, CRS, Castelo e Stoler. \u201cDentro da miss\u00e3o que nos foi dada pela administra\u00e7\u00e3o do prefeito Luiz Fernando Machado, parcerias como essas com a iniciativa privada s\u00e3o sempre muito bem-vindas e ficamos felizes que uma nova modalidade esteja ganhando for\u00e7a na cidade\u201d, diz o gestor da UGEL, Lu\u00eds Claudio Tarallo.<\/p>\n\n\n\n<p>O coordenador do projeto em Jundia\u00ed, Carlos Eduardo Ferreira, o Cac\u00e1, detalha que cabe ao projeto custear os profissionais envolvidos e todo o material de treino. \u201cAs bicicletas, por exemplo, t\u00eam um custo muito alto. E oferecemos tudo isso sem nenhum custo \u00e0s crian\u00e7as. Mantemos tamb\u00e9m os profissionais envolvidos, que s\u00e3o os educadores f\u00edsicos e uma assistente social, j\u00e1 que existe um vi\u00e9s socioafetivo\u201d, diz.<\/p>\n\n\n\n<p><strong>Motiva\u00e7\u00e3o<\/strong><\/p>\n\n\n\n<p>As alunas Geovana Sena, de 8 anos, e Giulia Sena, de 12, estavam na manh\u00e3 desta quinta (29) no Bol\u00e3o com os pais Max e \u00c9rica, todos moradores na regi\u00e3o da Vila Rami. Ambas come\u00e7aram as atividades ap\u00f3s a pandemia, porque ganharam peso durante o per\u00edodo sem atividades. Como as duas t\u00eam asma, tiveram que fazer um isolamento rigoroso para n\u00e3o pegar Covid. \u201cIsso levou a um ganho de peso e n\u00f3s ficamos preocupados. N\u00e3o v\u00edamos a hora de come\u00e7ar as atividades f\u00edsicas\u201d, conta o pai. \u201cA Geovana viu uma prova de Iron Man na televis\u00e3o e falou que um dia queria fazer esse esporte. Coincidentemente, vi no site da Prefeitura sobre o projeto e resolvi procurar\u201d, explica a m\u00e3e.<\/p>\n\n\n<div class=\"wp-block-image\">\n<figure class=\"aligncenter size-large\"><img loading=\"lazy\" decoding=\"async\" width=\"1200\" height=\"801\" src=\"https:\/\/tvtecjundiai.com.br\/news\/wp-content\/uploads\/sites\/2\/2023\/06\/ugel-escolinha-de-thiathlon-formando-campeoes_fm_-38-2-1280x854-1-1200x801.jpg\" alt=\"\" class=\"wp-image-111641\" srcset=\"https:\/\/tvtecjundiai.com.br\/news\/wp-content\/uploads\/sites\/2\/2023\/06\/ugel-escolinha-de-thiathlon-formando-campeoes_fm_-38-2-1280x854-1-1200x801.jpg 1200w, https:\/\/tvtecjundiai.com.br\/news\/wp-content\/uploads\/sites\/2\/2023\/06\/ugel-escolinha-de-thiathlon-formando-campeoes_fm_-38-2-1280x854-1-300x200.jpg 300w, https:\/\/tvtecjundiai.com.br\/news\/wp-content\/uploads\/sites\/2\/2023\/06\/ugel-escolinha-de-thiathlon-formando-campeoes_fm_-38-2-1280x854-1-768x512.jpg 768w, https:\/\/tvtecjundiai.com.br\/news\/wp-content\/uploads\/sites\/2\/2023\/06\/ugel-escolinha-de-thiathlon-formando-campeoes_fm_-38-2-1280x854-1.jpg 1280w\" sizes=\"auto, (max-width: 1200px) 100vw, 1200px\" \/><figcaption class=\"wp-element-caption\">Ol\u00edvia Damasio tem 12 anos e est\u00e1 feliz em participar das atividades<\/figcaption><\/figure>\n<\/div>\n\n\n<p>Algumas crian\u00e7as j\u00e1 come\u00e7am a demonstrar talento para a modalidade, como no caso de Ol\u00edvia Damasio, de 12 anos, moradora no Medeiros. \u201cEu fazia nata\u00e7\u00e3o e fiquei sabendo do triatlo. Procurei a professora Michele e hoje estou aqui. Triatlo \u00e9 algo que mexe com tr\u00eas esportes que eu gosto muito: atletismo, ciclismo e nata\u00e7\u00e3o\u201d, diz.<\/p>\n\n\n\n<p>O projeto \u00e9 aberto para 50 crian\u00e7as entre 8 e 16 anos, sendo 65% das vagas destinadas a alunos da rede p\u00fablica e as outros 35% para escolares particulares. As inscri\u00e7\u00f5es seguem abertas pelo site&nbsp;<a href=\"https:\/\/escolinhadetriathlon.com\/\">https:\/\/escolinhadetriathlon.com\/<\/a>. Os alunos s\u00e3o divididos em grupos, com aulas duas vezes por semana no Bol\u00e3o.<\/p>\n\n\n\n<p><strong><em>Fonte \/ Imagem: Prefeitura de Jundia\u00ed<\/em><\/strong><\/p>\n","protected":false},"excerpt":{"rendered":"<p>Modalidade engloba tr\u00eas atividades em uma: atletismo, ciclismo e nata\u00e7\u00e3o<\/p>\n","protected":false},"author":30,"featured_media":111640,"comment_status":"closed","ping_status":"0","sticky":false,"template":"","format":"standard","meta":{"footnotes":""},"categories":[2827,8356,1],"tags":[],"class_list":["post-111639","post","type-post","status-publish","format-standard","has-post-thumbnail","hentry","category-esportes-e-lazer","category-jundiai","category-noticias"],"_links":{"self":[{"href":"https:\/\/tvtecjundiai.com.br\/news\/wp-json\/wp\/v2\/posts\/111639","targetHints":{"allow":["GET"]}}],"collection":[{"href":"https:\/\/tvtecjundiai.com.br\/news\/wp-json\/wp\/v2\/posts"}],"about":[{"href":"https:\/\/tvtecjundiai.com.br\/news\/wp-json\/wp\/v2\/types\/post"}],"author":[{"embeddable":true,"href":"https:\/\/tvtecjundiai.com.br\/news\/wp-json\/wp\/v2\/users\/30"}],"replies":[{"embeddable":true,"href":"https:\/\/tvtecjundiai.com.br\/news\/wp-json\/wp\/v2\/comments?post=111639"}],"version-history":[{"count":1,"href":"https:\/\/tvtecjundiai.com.br\/news\/wp-json\/wp\/v2\/posts\/111639\/revisions"}],"predecessor-version":[{"id":111642,"href":"https:\/\/tvtecjundiai.com.br\/news\/wp-json\/wp\/v2\/posts\/111639\/revisions\/111642"}],"wp:featuredmedia":[{"embeddable":true,"href":"https:\/\/tvtecjundiai.com.br\/news\/wp-json\/wp\/v2\/media\/111640"}],"wp:attachment":[{"href":"https:\/\/tvtecjundiai.com.br\/news\/wp-json\/wp\/v2\/media?parent=111639"}],"wp:term":[{"taxonomy":"category","embeddable":true,"href":"https:\/\/tvtecjundiai.com.br\/news\/wp-json\/wp\/v2\/categories?post=111639"},{"taxonomy":"post_tag","embeddable":true,"href":"https:\/\/tvtecjundiai.com.br\/news\/wp-json\/wp\/v2\/tags?post=111639"}],"curies":[{"name":"wp","href":"https:\/\/api.w.org\/{rel}","templated":true}]}}