{"id":111650,"date":"2023-06-30T09:33:27","date_gmt":"2023-06-30T12:33:27","guid":{"rendered":"https:\/\/tvtecjundiai.com.br\/news\/?p=111650"},"modified":"2023-07-03T14:50:48","modified_gmt":"2023-07-03T17:50:48","slug":"primeiro-fim-de-semana-de-julho-em-jundiai-deve-atingir-minima-de-11c","status":"publish","type":"post","link":"https:\/\/tvtecjundiai.com.br\/news\/2023\/06\/30\/primeiro-fim-de-semana-de-julho-em-jundiai-deve-atingir-minima-de-11c\/","title":{"rendered":"Primeiro fim de semana de julho em Jundia\u00ed deve atingir m\u00ednima de 11\u00b0C"},"content":{"rendered":"\n<p>O primeiro fim de semana de julho em Jundia\u00ed ser\u00e1 de sol, mas com muitas nuvens e temperaturas um pouco mais baixas. Segundo o Instituto Nacional de Meteorologia (Inmet), os term\u00f4metros devem ficar entre 11\u00b0C e 24\u00b0C no munic\u00edpio.<\/p>\n\n\n\n<p>Nesta sexta-feira (30), a previs\u00e3o \u00e9 sol com muitas nuvens, sem chuva. Os term\u00f4metros ficam entre 12\u00b0C e 24\u00b0C.<\/p>\n\n\n<div class=\"wp-block-image\">\n<figure class=\"aligncenter size-large is-resized\"><img loading=\"lazy\" decoding=\"async\" src=\"https:\/\/tvtecjundiai.com.br\/news\/wp-content\/uploads\/sites\/2\/2023\/06\/WhatsApp-Image-2023-06-30-at-09.29.17-1200x900.jpeg\" alt=\"\" class=\"wp-image-111655\" width=\"707\" height=\"530\" srcset=\"https:\/\/tvtecjundiai.com.br\/news\/wp-content\/uploads\/sites\/2\/2023\/06\/WhatsApp-Image-2023-06-30-at-09.29.17-1200x900.jpeg 1200w, https:\/\/tvtecjundiai.com.br\/news\/wp-content\/uploads\/sites\/2\/2023\/06\/WhatsApp-Image-2023-06-30-at-09.29.17-300x225.jpeg 300w, https:\/\/tvtecjundiai.com.br\/news\/wp-content\/uploads\/sites\/2\/2023\/06\/WhatsApp-Image-2023-06-30-at-09.29.17-768x576.jpeg 768w, https:\/\/tvtecjundiai.com.br\/news\/wp-content\/uploads\/sites\/2\/2023\/06\/WhatsApp-Image-2023-06-30-at-09.29.17.jpeg 1280w\" sizes=\"auto, (max-width: 707px) 100vw, 707px\" \/><\/figure>\n<\/div>\n\n\n<p><\/p>\n\n\n\n<p>No s\u00e1bado (1), o dia deve ser de sol com muitas nuvens, com pancadas de chuva isoladas \u00e0 tarde e \u00e0 noite. A temperatura fica entre 11\u00b0C e 24\u00b0C.<\/p>\n\n\n\n<p>No domingo (2), o dia deve ser de sol com algumas nuvens, sem previs\u00e3o de chuva. Os term\u00f4metros devem ficar entre 11\u00b0C e 22\u00b0C. <\/p>\n\n\n\n<p><strong><em>(Fonte: TVTEC Jundia\u00ed\/Imagem: Juliano Justino)<\/em><\/strong><\/p>\n","protected":false},"excerpt":{"rendered":"<p>Segundo o Inmet, os dias ser\u00e3o de sol com muitas nuvens<\/p>\n","protected":false},"author":30,"featured_media":111655,"comment_status":"closed","ping_status":"0","sticky":false,"template":"","format":"standard","meta":{"footnotes":""},"categories":[3185,8356,1],"tags":[],"class_list":["post-111650","post","type-post","status-publish","format-standard","has-post-thumbnail","hentry","category-clima","category-jundiai","category-noticias"],"_links":{"self":[{"href":"https:\/\/tvtecjundiai.com.br\/news\/wp-json\/wp\/v2\/posts\/111650","targetHints":{"allow":["GET"]}}],"collection":[{"href":"https:\/\/tvtecjundiai.com.br\/news\/wp-json\/wp\/v2\/posts"}],"about":[{"href":"https:\/\/tvtecjundiai.com.br\/news\/wp-json\/wp\/v2\/types\/post"}],"author":[{"embeddable":true,"href":"https:\/\/tvtecjundiai.com.br\/news\/wp-json\/wp\/v2\/users\/30"}],"replies":[{"embeddable":true,"href":"https:\/\/tvtecjundiai.com.br\/news\/wp-json\/wp\/v2\/comments?post=111650"}],"version-history":[{"count":1,"href":"https:\/\/tvtecjundiai.com.br\/news\/wp-json\/wp\/v2\/posts\/111650\/revisions"}],"predecessor-version":[{"id":111656,"href":"https:\/\/tvtecjundiai.com.br\/news\/wp-json\/wp\/v2\/posts\/111650\/revisions\/111656"}],"wp:featuredmedia":[{"embeddable":true,"href":"https:\/\/tvtecjundiai.com.br\/news\/wp-json\/wp\/v2\/media\/111655"}],"wp:attachment":[{"href":"https:\/\/tvtecjundiai.com.br\/news\/wp-json\/wp\/v2\/media?parent=111650"}],"wp:term":[{"taxonomy":"category","embeddable":true,"href":"https:\/\/tvtecjundiai.com.br\/news\/wp-json\/wp\/v2\/categories?post=111650"},{"taxonomy":"post_tag","embeddable":true,"href":"https:\/\/tvtecjundiai.com.br\/news\/wp-json\/wp\/v2\/tags?post=111650"}],"curies":[{"name":"wp","href":"https:\/\/api.w.org\/{rel}","templated":true}]}}