{"id":111651,"date":"2023-06-30T09:25:47","date_gmt":"2023-06-30T12:25:47","guid":{"rendered":"https:\/\/tvtecjundiai.com.br\/news\/?p=111651"},"modified":"2023-06-30T09:25:48","modified_gmt":"2023-06-30T12:25:48","slug":"verificacao-anual-de-taximetro-em-jundiai-comeca-nesta-segunda-3","status":"publish","type":"post","link":"https:\/\/tvtecjundiai.com.br\/news\/2023\/06\/30\/verificacao-anual-de-taximetro-em-jundiai-comeca-nesta-segunda-3\/","title":{"rendered":"Verifica\u00e7\u00e3o anual de tax\u00edmetro em Jundia\u00ed come\u00e7a nesta segunda (3)"},"content":{"rendered":"\n<p>Os tax\u00edmetros utilizados pelos taxistas cadastrados em Jundia\u00ed precisam passar pela verifica\u00e7\u00e3o peri\u00f3dica anual, entre os dias 03 a 14 de julho, de segunda a sexta-feira. A a\u00e7\u00e3o \u00e9 obrigat\u00f3ria e ser\u00e1 realizada na Av. lmigrantes, pr\u00f3ximo \u00e0 Rua Pascoal Segre, no Bairro Ponte S\u00e3o Jo\u00e3o, pelo Instituto de Pesos e Medidas do Estado de S\u00e3o Paulo (Ipem-SP), autarquia do Governo do Estado, vinculada \u00e0 Secretaria da Justi\u00e7a e Cidadania, e \u00f3rg\u00e3o delegado do Inmetro.<\/p>\n\n\n\n<p>Para regular a atua\u00e7\u00e3o do taxista, al\u00e9m de proteger o consumidor com o valor correto da viagem, a verifica\u00e7\u00e3o peri\u00f3dica do tax\u00edmetro certifica se o pre\u00e7o registrado pelo equipamento corresponde, com base na dist\u00e2ncia e no tempo gasto, ao trajeto percorrido pelo ve\u00edculo.<\/p>\n\n\n<div class=\"wp-block-image\">\n<figure class=\"aligncenter size-full\"><img loading=\"lazy\" decoding=\"async\" width=\"792\" height=\"301\" src=\"https:\/\/tvtecjundiai.com.br\/news\/wp-content\/uploads\/sites\/2\/2023\/06\/taximetro-verificacao-ipem.jpg\" alt=\"\" class=\"wp-image-111652\" srcset=\"https:\/\/tvtecjundiai.com.br\/news\/wp-content\/uploads\/sites\/2\/2023\/06\/taximetro-verificacao-ipem.jpg 792w, https:\/\/tvtecjundiai.com.br\/news\/wp-content\/uploads\/sites\/2\/2023\/06\/taximetro-verificacao-ipem-300x114.jpg 300w, https:\/\/tvtecjundiai.com.br\/news\/wp-content\/uploads\/sites\/2\/2023\/06\/taximetro-verificacao-ipem-768x292.jpg 768w\" sizes=\"auto, (max-width: 792px) 100vw, 792px\" \/><figcaption class=\"wp-element-caption\">Verifica\u00e7\u00e3o de tax\u00edmetro assegura que pre\u00e7o registrado corresponde ao trajeto percorrido pelo ve\u00edculo<\/figcaption><\/figure>\n<\/div>\n\n\n<p>Atualmente, no munic\u00edpio, existem 217 ve\u00edculos cadastrados. Um deles \u00e9 o Jos\u00e9 Pedro da Rocha, taxista desde 2009. \u201c\u00c9 importante para o profissional e os passageiros que os ve\u00edculos, tax\u00edmetros e documentos estejam regularizados, porque oferece confiabilidade e seguran\u00e7a na presta\u00e7\u00e3o do servi\u00e7o.\u201d<\/p>\n\n\n\n<p>Roberto Largembach atua h\u00e1 um ano como taxista. \u201cGosto de dirigir, e tenho percebido uma recupera\u00e7\u00e3o da economia, o que me proporcionou a oportunidade de trabalhar com t\u00e1xi. \u00c9 seguro para todos que seja efetuada a regulariza\u00e7\u00e3o do ve\u00edculo e as documenta\u00e7\u00f5es do taxista.\u201d<\/p>\n\n\n<div class=\"wp-block-image\">\n<figure class=\"aligncenter size-large\"><img loading=\"lazy\" decoding=\"async\" width=\"1200\" height=\"894\" src=\"https:\/\/tvtecjundiai.com.br\/news\/wp-content\/uploads\/sites\/2\/2023\/06\/taxistas-jundiai-1-1280x954-1-1200x894.jpg\" alt=\"\" class=\"wp-image-111653\" srcset=\"https:\/\/tvtecjundiai.com.br\/news\/wp-content\/uploads\/sites\/2\/2023\/06\/taxistas-jundiai-1-1280x954-1-1200x894.jpg 1200w, https:\/\/tvtecjundiai.com.br\/news\/wp-content\/uploads\/sites\/2\/2023\/06\/taxistas-jundiai-1-1280x954-1-300x224.jpg 300w, https:\/\/tvtecjundiai.com.br\/news\/wp-content\/uploads\/sites\/2\/2023\/06\/taxistas-jundiai-1-1280x954-1-768x572.jpg 768w, https:\/\/tvtecjundiai.com.br\/news\/wp-content\/uploads\/sites\/2\/2023\/06\/taxistas-jundiai-1-1280x954-1.jpg 1280w\" sizes=\"auto, (max-width: 1200px) 100vw, 1200px\" \/><figcaption class=\"wp-element-caption\">Taxistas ressaltam que regulariza\u00e7\u00e3o proporciona confiabilidade na presta\u00e7\u00e3o de servi\u00e7os<\/figcaption><\/figure>\n<\/div>\n\n\n<p><strong>Orienta\u00e7\u00f5es<\/strong><\/p>\n\n\n\n<p>Para passar pela verifica\u00e7\u00e3o do tax\u00edmetro \u00e9 necess\u00e1rio fazer o agendamento pelo site do&nbsp;<a href=\"https:\/\/www.ipem.sp.gov.br\/index.php\/servicos\/agendamento\/taximetros\">Ipem<\/a>, e o pagamento da taxa metrol\u00f3gica antecipada \u2013 artigo 11 da Lei 9.933\/99, por meio de respectiva Guia de Recolhimento da Uni\u00e3o (GRU) -, que dever\u00e1 ser efetuado no Banco do Brasil.<\/p>\n\n\n\n<p>No hor\u00e1rio agendado \u00e9 necess\u00e1rio apresentar os seguintes documentos:<\/p>\n\n\n\n<p>a) Autoriza\u00e7\u00e3o de Estacionamento fornecido pela Prefeitura Municipal no prazo de validade;<\/p>\n\n\n\n<p>b) Certificado de Registro e Licenciamento de Ve\u00edculo (categoria aluguel);<\/p>\n\n\n\n<p>c) Certificado Verifica\u00e7\u00e3o Tax\u00edmetro IPEM, referente \u00e0 \u00faltima verifica\u00e7\u00e3o metrol\u00f3gica do instrumento;<\/p>\n\n\n\n<p>d) Guia de Recolhimento da Uni\u00e3o (GRU) quitada;<\/p>\n\n\n\n<p>e) Ordem de servi\u00e7o fornecida por oficina credenciada e devidamente autorizada pelo lpem-SP para a execu\u00e7\u00e3o dos servi\u00e7os de instala\u00e7\u00e3o, manuten\u00e7\u00e3o e reparo de tax\u00edmetros (quando houver).<\/p>\n\n\n\n<p><strong><em>Fonte \/ Imagem: Prefeitura de Jundia\u00ed<\/em><\/strong><\/p>\n","protected":false},"excerpt":{"rendered":"<p>Taxistas ressaltam que regulariza\u00e7\u00e3o proporciona confiabilidade na presta\u00e7\u00e3o de servi\u00e7os<\/p>\n","protected":false},"author":30,"featured_media":111653,"comment_status":"closed","ping_status":"0","sticky":false,"template":"","format":"standard","meta":{"footnotes":""},"categories":[8356,1],"tags":[],"class_list":["post-111651","post","type-post","status-publish","format-standard","has-post-thumbnail","hentry","category-jundiai","category-noticias"],"_links":{"self":[{"href":"https:\/\/tvtecjundiai.com.br\/news\/wp-json\/wp\/v2\/posts\/111651","targetHints":{"allow":["GET"]}}],"collection":[{"href":"https:\/\/tvtecjundiai.com.br\/news\/wp-json\/wp\/v2\/posts"}],"about":[{"href":"https:\/\/tvtecjundiai.com.br\/news\/wp-json\/wp\/v2\/types\/post"}],"author":[{"embeddable":true,"href":"https:\/\/tvtecjundiai.com.br\/news\/wp-json\/wp\/v2\/users\/30"}],"replies":[{"embeddable":true,"href":"https:\/\/tvtecjundiai.com.br\/news\/wp-json\/wp\/v2\/comments?post=111651"}],"version-history":[{"count":1,"href":"https:\/\/tvtecjundiai.com.br\/news\/wp-json\/wp\/v2\/posts\/111651\/revisions"}],"predecessor-version":[{"id":111654,"href":"https:\/\/tvtecjundiai.com.br\/news\/wp-json\/wp\/v2\/posts\/111651\/revisions\/111654"}],"wp:featuredmedia":[{"embeddable":true,"href":"https:\/\/tvtecjundiai.com.br\/news\/wp-json\/wp\/v2\/media\/111653"}],"wp:attachment":[{"href":"https:\/\/tvtecjundiai.com.br\/news\/wp-json\/wp\/v2\/media?parent=111651"}],"wp:term":[{"taxonomy":"category","embeddable":true,"href":"https:\/\/tvtecjundiai.com.br\/news\/wp-json\/wp\/v2\/categories?post=111651"},{"taxonomy":"post_tag","embeddable":true,"href":"https:\/\/tvtecjundiai.com.br\/news\/wp-json\/wp\/v2\/tags?post=111651"}],"curies":[{"name":"wp","href":"https:\/\/api.w.org\/{rel}","templated":true}]}}