{"id":111667,"date":"2023-06-30T12:21:10","date_gmt":"2023-06-30T15:21:10","guid":{"rendered":"https:\/\/tvtecjundiai.com.br\/news\/?p=111667"},"modified":"2023-06-30T12:21:11","modified_gmt":"2023-06-30T15:21:11","slug":"audiencia-publica-de-seguranca-tera-transmissao-via-youtube","status":"publish","type":"post","link":"https:\/\/tvtecjundiai.com.br\/news\/2023\/06\/30\/audiencia-publica-de-seguranca-tera-transmissao-via-youtube\/","title":{"rendered":"Audi\u00eancia P\u00fablica de Seguran\u00e7a ter\u00e1 transmiss\u00e3o via Youtube"},"content":{"rendered":"\n<p>No pr\u00f3ximo dia 05 de julho, a partir das 18h, no&nbsp;<a href=\"https:\/\/www.youtube.com\/live\/go5Et2MSm7M?feature=share\">Youtube da Prefeitura de Jundia\u00ed<\/a>, ser\u00e1 feita a transmiss\u00e3o da Audi\u00eancia P\u00fablica sobre Seguran\u00e7a, com a apresenta\u00e7\u00e3o de dados que embasam a constru\u00e7\u00e3o do novo Plano de Seguran\u00e7a P\u00fablica. O encontro, que tamb\u00e9m poder\u00e1 ser acompanhado presencialmente no audit\u00f3rio do Pa\u00e7o Municipal, tem por objetivo apresentar informa\u00e7\u00f5es, coletar sugest\u00f5es e levar ao conhecimento da popula\u00e7\u00e3o jundiaiense um diagn\u00f3stico da seguran\u00e7a p\u00fablica no munic\u00edpio,<\/p>\n\n\n\n<p>Organizado pela Unidade de Seguran\u00e7a Municipal (UGSM), a audi\u00eancia p\u00fablica ter\u00e1 a participa\u00e7\u00e3o de autoridades, for\u00e7as de seguran\u00e7a e sociedade civil, para a apresenta\u00e7\u00e3o do material desenvolvido pelo F\u00f3rum Brasileiro de Seguran\u00e7a P\u00fablica.<\/p>\n\n\n<div class=\"wp-block-image\">\n<figure class=\"aligncenter size-large\"><img loading=\"lazy\" decoding=\"async\" width=\"1200\" height=\"801\" src=\"https:\/\/tvtecjundiai.com.br\/news\/wp-content\/uploads\/sites\/2\/2023\/06\/guarda_municipal_carro_de_som_coronavirus-67-1200x801.jpg\" alt=\"\" class=\"wp-image-111668\" srcset=\"https:\/\/tvtecjundiai.com.br\/news\/wp-content\/uploads\/sites\/2\/2023\/06\/guarda_municipal_carro_de_som_coronavirus-67-1200x801.jpg 1200w, https:\/\/tvtecjundiai.com.br\/news\/wp-content\/uploads\/sites\/2\/2023\/06\/guarda_municipal_carro_de_som_coronavirus-67-300x200.jpg 300w, https:\/\/tvtecjundiai.com.br\/news\/wp-content\/uploads\/sites\/2\/2023\/06\/guarda_municipal_carro_de_som_coronavirus-67-768x512.jpg 768w, https:\/\/tvtecjundiai.com.br\/news\/wp-content\/uploads\/sites\/2\/2023\/06\/guarda_municipal_carro_de_som_coronavirus-67.jpg 1280w\" sizes=\"auto, (max-width: 1200px) 100vw, 1200px\" \/><figcaption class=\"wp-element-caption\">Plano Municipal de Seguran\u00e7a ser\u00e1 apresentado em audi\u00eancia p\u00fablica<\/figcaption><\/figure>\n<\/div>\n\n\n<p>Foram entrevistadas pelo F\u00f3rum nos \u00faltimos meses, autoridades p\u00fablicas, representantes da sociedade civil e ainda 1600 pessoas em todos os bairros de Jundia\u00ed que juntamente com os dados estat\u00edsticos de atendimentos das atua\u00e7\u00f5es das for\u00e7as de seguran\u00e7a elaboraram o material que ser\u00e1 apresentado na audi\u00eancia. Jundia\u00ed \u00e9 uma das poucas cidades do pa\u00eds a dispor do seu pr\u00f3prio Plano Municipal de Seguran\u00e7a.<\/p>\n\n\n\n<p>A sociedade poder\u00e1 participar enviando e-mail com questionamentos, que ser\u00e3o respondidos ao longo da audi\u00eancia. Para participar, basta acessar, no site da Prefeitura de Jundia\u00ed, na aba \u201cServi\u00e7os mais acessados\u201d o link \u2018<a rel=\"noreferrer noopener\" href=\"https:\/\/gm.jundiai.sp.gov.br\/audiencia-publica-plano-municipal-de-seguranca\/\" target=\"_blank\">Plano de Seguran\u00e7a<\/a>\u2018. Ao realizar o cadastro, ser\u00e1 poss\u00edvel enviar as perguntas, sugest\u00f5es ou at\u00e9 mesmo cr\u00edticas para que sejam respondidas no dia da audi\u00eancia.<\/p>\n\n\n\n<p>O evento ser\u00e1 realizado, presencialmente, no audit\u00f3rio do 8\u00ba andar do Pa\u00e7o Municipal e ter\u00e1 transmiss\u00e3o da Unidade de Gest\u00e3o e Inova\u00e7\u00e3o e Rela\u00e7\u00e3o com o Cidad\u00e3o (UGIRC) no\u00a0<a href=\"https:\/\/www.youtube.com\/live\/go5Et2MSm7M?feature=share\">Youtube da Prefeitura de Jundia\u00ed<\/a>.<\/p>\n\n\n\n<p><strong><em>Fonte \/ Imagem: Prefeitura de Jundia\u00ed<\/em><\/strong><\/p>\n","protected":false},"excerpt":{"rendered":"<p>Plano Municipal de Seguran\u00e7a ser\u00e1 apresentado em audi\u00eancia p\u00fablica<\/p>\n","protected":false},"author":30,"featured_media":111668,"comment_status":"closed","ping_status":"0","sticky":false,"template":"","format":"standard","meta":{"footnotes":""},"categories":[8356,1,4831],"tags":[],"class_list":["post-111667","post","type-post","status-publish","format-standard","has-post-thumbnail","hentry","category-jundiai","category-noticias","category-seguranca"],"_links":{"self":[{"href":"https:\/\/tvtecjundiai.com.br\/news\/wp-json\/wp\/v2\/posts\/111667","targetHints":{"allow":["GET"]}}],"collection":[{"href":"https:\/\/tvtecjundiai.com.br\/news\/wp-json\/wp\/v2\/posts"}],"about":[{"href":"https:\/\/tvtecjundiai.com.br\/news\/wp-json\/wp\/v2\/types\/post"}],"author":[{"embeddable":true,"href":"https:\/\/tvtecjundiai.com.br\/news\/wp-json\/wp\/v2\/users\/30"}],"replies":[{"embeddable":true,"href":"https:\/\/tvtecjundiai.com.br\/news\/wp-json\/wp\/v2\/comments?post=111667"}],"version-history":[{"count":1,"href":"https:\/\/tvtecjundiai.com.br\/news\/wp-json\/wp\/v2\/posts\/111667\/revisions"}],"predecessor-version":[{"id":111669,"href":"https:\/\/tvtecjundiai.com.br\/news\/wp-json\/wp\/v2\/posts\/111667\/revisions\/111669"}],"wp:featuredmedia":[{"embeddable":true,"href":"https:\/\/tvtecjundiai.com.br\/news\/wp-json\/wp\/v2\/media\/111668"}],"wp:attachment":[{"href":"https:\/\/tvtecjundiai.com.br\/news\/wp-json\/wp\/v2\/media?parent=111667"}],"wp:term":[{"taxonomy":"category","embeddable":true,"href":"https:\/\/tvtecjundiai.com.br\/news\/wp-json\/wp\/v2\/categories?post=111667"},{"taxonomy":"post_tag","embeddable":true,"href":"https:\/\/tvtecjundiai.com.br\/news\/wp-json\/wp\/v2\/tags?post=111667"}],"curies":[{"name":"wp","href":"https:\/\/api.w.org\/{rel}","templated":true}]}}