{"id":111670,"date":"2023-06-30T12:23:15","date_gmt":"2023-06-30T15:23:15","guid":{"rendered":"https:\/\/tvtecjundiai.com.br\/news\/?p=111670"},"modified":"2023-06-30T12:23:16","modified_gmt":"2023-06-30T15:23:16","slug":"produtores-de-uva-e-vinho-conhecem-o-novo-centro-de-enologia","status":"publish","type":"post","link":"https:\/\/tvtecjundiai.com.br\/news\/2023\/06\/30\/produtores-de-uva-e-vinho-conhecem-o-novo-centro-de-enologia\/","title":{"rendered":"Produtores de uva e vinho conhecem o novo Centro de Enologia"},"content":{"rendered":"\n<p>Produtores de uva e vinho da regi\u00e3o de Jundia\u00ed conheceram, nesta semana, o novo Centro de Enologia da cidade, localizado na ETEC Benedito Storani (Etec BeSt). O gestor de Agroneg\u00f3cio, Abastecimento e Turismo (UGAAT), Eduardo Alvarez, explicou aos produtores todos os processos de produ\u00e7\u00e3o do suco e do vinho.<\/p>\n\n\n\n<p>\u201cQueremos transformar esse espa\u00e7o em um grande centro de excel\u00eancia de produ\u00e7\u00e3o de vinhos e sucos de uva, o que vai beneficiar muito os produtores de Jundia\u00ed e de toda a regi\u00e3o, proporcionando um salto de qualidade no produto\u201d, afirmou o gestor.<\/p>\n\n\n<div class=\"wp-block-image\">\n<figure class=\"aligncenter size-large\"><img loading=\"lazy\" decoding=\"async\" width=\"1200\" height=\"801\" src=\"https:\/\/tvtecjundiai.com.br\/news\/wp-content\/uploads\/sites\/2\/2023\/06\/etec-benedito-storani-centro-de-enologia-visita-produtores-uva_fm_-33-2-1280x854-1-1200x801.jpg\" alt=\"\" class=\"wp-image-111671\" srcset=\"https:\/\/tvtecjundiai.com.br\/news\/wp-content\/uploads\/sites\/2\/2023\/06\/etec-benedito-storani-centro-de-enologia-visita-produtores-uva_fm_-33-2-1280x854-1-1200x801.jpg 1200w, https:\/\/tvtecjundiai.com.br\/news\/wp-content\/uploads\/sites\/2\/2023\/06\/etec-benedito-storani-centro-de-enologia-visita-produtores-uva_fm_-33-2-1280x854-1-300x200.jpg 300w, https:\/\/tvtecjundiai.com.br\/news\/wp-content\/uploads\/sites\/2\/2023\/06\/etec-benedito-storani-centro-de-enologia-visita-produtores-uva_fm_-33-2-1280x854-1-768x512.jpg 768w, https:\/\/tvtecjundiai.com.br\/news\/wp-content\/uploads\/sites\/2\/2023\/06\/etec-benedito-storani-centro-de-enologia-visita-produtores-uva_fm_-33-2-1280x854-1.jpg 1280w\" sizes=\"auto, (max-width: 1200px) 100vw, 1200px\" \/><figcaption class=\"wp-element-caption\">Produtores de uva e vinho de Jundia\u00ed conhecem o novo centro de enologia<\/figcaption><\/figure>\n<\/div>\n\n\n<p>Os produtores conheceram a Planta Did\u00e1tica Produtiva de Vinho e Suco de Uva, a \u00e1rea de envase, a adega para armazenamento dos vinhos e o laborat\u00f3rio de an\u00e1lise sensorial e harmoniza\u00e7\u00e3o. \u201cEsse espa\u00e7o todo vai fazer com que novas gera\u00e7\u00f5es se interessem para a produ\u00e7\u00e3o do suco e do vinho. A tecnologia chegou e isso vai trazer mais incentivo, principalmente em rela\u00e7\u00e3o aos vinhos finos\u201d, afirmou o produtor de vinho, Ricardo Lu\u00eds Sibinel, do bairro Caxambu.<\/p>\n\n\n\n<p>\u201cN\u00f3s queremos que o agricultor cumpra a sua voca\u00e7\u00e3o. E para isso ele precisa ter condi\u00e7\u00f5es. \u00c9 o que esse equipamento ir\u00e1 proporcionar, principalmente no salto de qualidade dos produtos\u201d, disse o presidente da Associa\u00e7\u00e3o Agr\u00edcola de Jundia\u00ed, Ren\u00ea Jos\u00e9 Tomasetto.<\/p>\n\n\n<div class=\"wp-block-image\">\n<figure class=\"aligncenter size-large\"><img loading=\"lazy\" decoding=\"async\" width=\"1200\" height=\"801\" src=\"https:\/\/tvtecjundiai.com.br\/news\/wp-content\/uploads\/sites\/2\/2023\/06\/etec-benedito-storani-centro-de-enologia-visita-produtores-uva_fm_-58-3-1280x854-1-1200x801.jpg\" alt=\"\" class=\"wp-image-111672\" srcset=\"https:\/\/tvtecjundiai.com.br\/news\/wp-content\/uploads\/sites\/2\/2023\/06\/etec-benedito-storani-centro-de-enologia-visita-produtores-uva_fm_-58-3-1280x854-1-1200x801.jpg 1200w, https:\/\/tvtecjundiai.com.br\/news\/wp-content\/uploads\/sites\/2\/2023\/06\/etec-benedito-storani-centro-de-enologia-visita-produtores-uva_fm_-58-3-1280x854-1-300x200.jpg 300w, https:\/\/tvtecjundiai.com.br\/news\/wp-content\/uploads\/sites\/2\/2023\/06\/etec-benedito-storani-centro-de-enologia-visita-produtores-uva_fm_-58-3-1280x854-1-768x512.jpg 768w, https:\/\/tvtecjundiai.com.br\/news\/wp-content\/uploads\/sites\/2\/2023\/06\/etec-benedito-storani-centro-de-enologia-visita-produtores-uva_fm_-58-3-1280x854-1.jpg 1280w\" sizes=\"auto, (max-width: 1200px) 100vw, 1200px\" \/><figcaption class=\"wp-element-caption\">Ricardo Lu\u00eds Sibinel \u00e9 produtor de vinho no bairro Caxambu<\/figcaption><\/figure>\n<\/div>\n\n\n<p>O laborat\u00f3rio foi conquistado a partir de articula\u00e7\u00e3o da Gest\u00e3o Municipal junto ao Centro Paula Souza, com foco no avan\u00e7o do setor e na oferta de servi\u00e7os e educa\u00e7\u00e3o qualificados e espec\u00edficos para os produtores rurais da cidade. O investimento total foi de aproximadamente R$ 16 milh\u00f5es.<\/p>\n\n\n\n<p>O Centro de Enologia contar\u00e1 com um curso t\u00e9cnico, com a dura\u00e7\u00e3o de 3 semestres, que ser\u00e1 o primeiro do Estado em Viticultura e Enologia. O espa\u00e7o possibilitar\u00e1 aos produtores de vinho da cidade e de toda a regi\u00e3o, a concep\u00e7\u00e3o, elabora\u00e7\u00e3o e envase, supervisionados por t\u00e9cnicos e alunos da escola. A produ\u00e7\u00e3o come\u00e7ar\u00e1 nas pr\u00f3ximas semanas.<\/p>\n\n\n\n<figure class=\"wp-block-gallery has-nested-images columns-default is-cropped wp-block-gallery-1 is-layout-flex wp-block-gallery-is-layout-flex\">\n<figure class=\"wp-block-image size-large\"><img loading=\"lazy\" decoding=\"async\" width=\"1200\" height=\"801\" data-id=\"111674\" src=\"https:\/\/tvtecjundiai.com.br\/news\/wp-content\/uploads\/sites\/2\/2023\/06\/etec-benedito-storani-centro-de-enologia-visita-produtores-uva_fm_-46-1-1280x854-1-1200x801.jpg\" alt=\"\" class=\"wp-image-111674\" srcset=\"https:\/\/tvtecjundiai.com.br\/news\/wp-content\/uploads\/sites\/2\/2023\/06\/etec-benedito-storani-centro-de-enologia-visita-produtores-uva_fm_-46-1-1280x854-1-1200x801.jpg 1200w, https:\/\/tvtecjundiai.com.br\/news\/wp-content\/uploads\/sites\/2\/2023\/06\/etec-benedito-storani-centro-de-enologia-visita-produtores-uva_fm_-46-1-1280x854-1-300x200.jpg 300w, https:\/\/tvtecjundiai.com.br\/news\/wp-content\/uploads\/sites\/2\/2023\/06\/etec-benedito-storani-centro-de-enologia-visita-produtores-uva_fm_-46-1-1280x854-1-768x512.jpg 768w, https:\/\/tvtecjundiai.com.br\/news\/wp-content\/uploads\/sites\/2\/2023\/06\/etec-benedito-storani-centro-de-enologia-visita-produtores-uva_fm_-46-1-1280x854-1.jpg 1280w\" sizes=\"auto, (max-width: 1200px) 100vw, 1200px\" \/><figcaption class=\"wp-element-caption\">Produtores conhecem a Planta Did\u00e1tica Produtiva de Vinho e Suco de Uva<\/figcaption><\/figure>\n\n\n\n<figure class=\"wp-block-image size-large\"><img loading=\"lazy\" decoding=\"async\" width=\"1200\" height=\"801\" data-id=\"111673\" src=\"https:\/\/tvtecjundiai.com.br\/news\/wp-content\/uploads\/sites\/2\/2023\/06\/etec-benedito-storani-centro-de-enologia-visita-produtores-uva_fm_-49-4-1280x854-1-1200x801.jpg\" alt=\"\" class=\"wp-image-111673\" srcset=\"https:\/\/tvtecjundiai.com.br\/news\/wp-content\/uploads\/sites\/2\/2023\/06\/etec-benedito-storani-centro-de-enologia-visita-produtores-uva_fm_-49-4-1280x854-1-1200x801.jpg 1200w, https:\/\/tvtecjundiai.com.br\/news\/wp-content\/uploads\/sites\/2\/2023\/06\/etec-benedito-storani-centro-de-enologia-visita-produtores-uva_fm_-49-4-1280x854-1-300x200.jpg 300w, https:\/\/tvtecjundiai.com.br\/news\/wp-content\/uploads\/sites\/2\/2023\/06\/etec-benedito-storani-centro-de-enologia-visita-produtores-uva_fm_-49-4-1280x854-1-768x512.jpg 768w, https:\/\/tvtecjundiai.com.br\/news\/wp-content\/uploads\/sites\/2\/2023\/06\/etec-benedito-storani-centro-de-enologia-visita-produtores-uva_fm_-49-4-1280x854-1.jpg 1280w\" sizes=\"auto, (max-width: 1200px) 100vw, 1200px\" \/><figcaption class=\"wp-element-caption\">Adega para armazenamento dos vinhos<\/figcaption><\/figure>\n<\/figure>\n\n\n\n<p>\u201cO crescimento do turismo rural fez com que as vin\u00edcolas investissem mais, principalmente na produ\u00e7\u00e3o de vinhos finos e tamb\u00e9m no suco de uva. Com mais tecnologia, o salto de qualidade dos vinhos de Jundia\u00ed ser\u00e1 consider\u00e1vel\u201d, lembrou o gestor.<\/p>\n\n\n\n<p><strong><em>Fonte \/ Imagem: Prefeitura de Jundia\u00ed<\/em><\/strong><\/p>\n","protected":false},"excerpt":{"rendered":"<p>Produtores de uva e vinho de Jundia\u00ed conhecem o novo centro de enologia<\/p>\n","protected":false},"author":30,"featured_media":111671,"comment_status":"closed","ping_status":"0","sticky":false,"template":"","format":"standard","meta":{"footnotes":""},"categories":[8356,1],"tags":[],"class_list":["post-111670","post","type-post","status-publish","format-standard","has-post-thumbnail","hentry","category-jundiai","category-noticias"],"_links":{"self":[{"href":"https:\/\/tvtecjundiai.com.br\/news\/wp-json\/wp\/v2\/posts\/111670","targetHints":{"allow":["GET"]}}],"collection":[{"href":"https:\/\/tvtecjundiai.com.br\/news\/wp-json\/wp\/v2\/posts"}],"about":[{"href":"https:\/\/tvtecjundiai.com.br\/news\/wp-json\/wp\/v2\/types\/post"}],"author":[{"embeddable":true,"href":"https:\/\/tvtecjundiai.com.br\/news\/wp-json\/wp\/v2\/users\/30"}],"replies":[{"embeddable":true,"href":"https:\/\/tvtecjundiai.com.br\/news\/wp-json\/wp\/v2\/comments?post=111670"}],"version-history":[{"count":1,"href":"https:\/\/tvtecjundiai.com.br\/news\/wp-json\/wp\/v2\/posts\/111670\/revisions"}],"predecessor-version":[{"id":111675,"href":"https:\/\/tvtecjundiai.com.br\/news\/wp-json\/wp\/v2\/posts\/111670\/revisions\/111675"}],"wp:featuredmedia":[{"embeddable":true,"href":"https:\/\/tvtecjundiai.com.br\/news\/wp-json\/wp\/v2\/media\/111671"}],"wp:attachment":[{"href":"https:\/\/tvtecjundiai.com.br\/news\/wp-json\/wp\/v2\/media?parent=111670"}],"wp:term":[{"taxonomy":"category","embeddable":true,"href":"https:\/\/tvtecjundiai.com.br\/news\/wp-json\/wp\/v2\/categories?post=111670"},{"taxonomy":"post_tag","embeddable":true,"href":"https:\/\/tvtecjundiai.com.br\/news\/wp-json\/wp\/v2\/tags?post=111670"}],"curies":[{"name":"wp","href":"https:\/\/api.w.org\/{rel}","templated":true}]}}