{"id":111700,"date":"2023-07-01T10:41:29","date_gmt":"2023-07-01T13:41:29","guid":{"rendered":"https:\/\/tvtecjundiai.com.br\/news\/?p=111700"},"modified":"2023-07-01T10:41:33","modified_gmt":"2023-07-01T13:41:33","slug":"ugads-oferta-capacitacao-sobre-o-marco-regulatorio-das-osc","status":"publish","type":"post","link":"https:\/\/tvtecjundiai.com.br\/news\/2023\/07\/01\/ugads-oferta-capacitacao-sobre-o-marco-regulatorio-das-osc\/","title":{"rendered":"UGADS oferta capacita\u00e7\u00e3o sobre o Marco Regulat\u00f3rio das OSC"},"content":{"rendered":"\n<p>Cerca de 60 pessoas, entre servidores da Prefeitura de Jundia\u00ed, e membros de Organiza\u00e7\u00f5es da Sociedade Civil (OSC), participaram de capacita\u00e7\u00e3o, entre os dias 28 e 30 de junho, no Pa\u00e7o Municipal. O curso foi promovido pela Unidade de Gest\u00e3o de Assist\u00eancia e Desenvolvimento Social (UGADS) e ministrado pela prof\u00aa Gisele Karina Santana, especialista em Direito Constitucional e Administrativo.<\/p>\n\n\n\n<p>\u201cA capacita\u00e7\u00e3o tem o objetivo de aperfei\u00e7oar a rela\u00e7\u00e3o da Administra\u00e7\u00e3o Municipal com as Organiza\u00e7\u00f5es da Sociedade Civil \u2013 OSCs, que s\u00e3o regidas pela Lei Federal 13.019\/14. N\u00f3s consideramos as parcerias com o Terceiro Setor essenciais para o desenvolvimento de pol\u00edticas p\u00fablicas, por isso \u00e9 t\u00e3o importante a capacita\u00e7\u00e3o e o alinhamento de todos\u201d, afirmou a gestora da Unidade de Gest\u00e3o de Assist\u00eancia e Desenvolvimento Social (UGADS), Maria Brant.<\/p>\n\n\n\n<p>A Lei Federal n\u00ba 13.019, de 31 de julho de 2014, conhecida como \u201cMarco Regulat\u00f3rio das Organiza\u00e7\u00f5es da Sociedade Civil \u2013 MROSC\u201d, passou a vigorar nos Munic\u00edpios a partir de 1\u00ba de janeiro de 2017 e instituiu normas gerais para as parcerias entre a Administra\u00e7\u00e3o P\u00fablica e as Organiza\u00e7\u00f5es da Sociedade Civil \u2013 OSC, em regime de m\u00fatua coopera\u00e7\u00e3o, para a consecu\u00e7\u00e3o de finalidades de interesse p\u00fablico e rec\u00edproco, mediante a execu\u00e7\u00e3o de atividades ou de projetos previamente estabelecidos em planos de trabalho apresentados pelas OSCs.<\/p>\n\n\n\n<figure class=\"wp-block-image\"><img decoding=\"async\" src=\"https:\/\/jundiai.sp.gov.br\/noticias\/wp-content\/uploads\/sites\/32\/2023\/06\/ugads-curso-capacitacao_fm_-4-1280x854.jpg\" alt=\"\" class=\"wp-image-320993\" \/><figcaption class=\"wp-element-caption\">Servidores da Prefeitura e membros de Organiza\u00e7\u00f5es da Sociedade Civil participaram da capacita\u00e7\u00e3o<\/figcaption><\/figure>\n\n\n\n<p>\u201c\u00c9 importante dizer que Jundia\u00ed teve a sensibilidade de investir numa capacita\u00e7\u00e3o completa, tanto para os gestores de parcerias, como para as OSCs. Percebi uma equipe t\u00e9cnica de excel\u00eancia e todos muito empenhados para implementa\u00e7\u00e3o de pol\u00edticas p\u00fablicas efetivas. Jundia\u00ed \u00e9 refer\u00eancia nesse trabalho\u201d, disse a professora Gisele Karina Santana, que comandou a capacita\u00e7\u00e3o.<\/p>\n\n\n\n<p>Coordenadora da H\u00e1cali, Organiza\u00e7\u00e3o Social que abriga pessoas em situa\u00e7\u00e3o de rua e que presta o servi\u00e7o ao munic\u00edpio, Wilma Beraldo ressalta a import\u00e2ncia do encontro. \u201cEssa capacita\u00e7\u00e3o \u00e9 muito importante para que todos os processos sejam bem compreendidos e para que as OSCs e a Rede se conversem cada vez mais e que a pol\u00edtica p\u00fablica seja bem desenvolvida\u201d, refor\u00e7ou.<\/p>\n\n\n\n<p>\u201cA capacita\u00e7\u00e3o evidencia como as parcerias com o Terceiro Setor s\u00e3o importantes e tratadas com muita aten\u00e7\u00e3o pelo Munic\u00edpio, sempre de forma priorit\u00e1ria e em conjunto. Hoje, os gerentes dos CRAS tamb\u00e9m s\u00e3o gestores de parcerias, por isso \u00e9 t\u00e3o importante todos estarem bem alinhados, tanto com a Lei como com a execu\u00e7\u00e3o de pol\u00edticas p\u00fablicas\u201d, lembrou a diretora de Prote\u00e7\u00e3o Social B\u00e1sica de Jundia\u00ed, Renata Stoqui.<\/p>\n\n\n\n<p>Al\u00e9m de t\u00e9cnicos da UGADS e membros da OSCs, participaram da capacita\u00e7\u00e3o servidores da Unidade de Gest\u00e3o da Casa Civil (UGCC), Neg\u00f3cios Jur\u00eddicos e Cidadania (UGCNJ) e Controladoria Geral do Munic\u00edpio.<\/p>\n\n\n\n<p><strong>Fonte : Prefeitura de Jundia\u00ed <\/strong><\/p>\n","protected":false},"excerpt":{"rendered":"<p>A Lei passou a vigorar nos Munic\u00edpios a partir de 1\u00ba de janeiro de 2017 <\/p>\n","protected":false},"author":30,"featured_media":111701,"comment_status":"closed","ping_status":"0","sticky":false,"template":"","format":"standard","meta":{"footnotes":""},"categories":[8356,1],"tags":[],"class_list":["post-111700","post","type-post","status-publish","format-standard","has-post-thumbnail","hentry","category-jundiai","category-noticias"],"_links":{"self":[{"href":"https:\/\/tvtecjundiai.com.br\/news\/wp-json\/wp\/v2\/posts\/111700","targetHints":{"allow":["GET"]}}],"collection":[{"href":"https:\/\/tvtecjundiai.com.br\/news\/wp-json\/wp\/v2\/posts"}],"about":[{"href":"https:\/\/tvtecjundiai.com.br\/news\/wp-json\/wp\/v2\/types\/post"}],"author":[{"embeddable":true,"href":"https:\/\/tvtecjundiai.com.br\/news\/wp-json\/wp\/v2\/users\/30"}],"replies":[{"embeddable":true,"href":"https:\/\/tvtecjundiai.com.br\/news\/wp-json\/wp\/v2\/comments?post=111700"}],"version-history":[{"count":1,"href":"https:\/\/tvtecjundiai.com.br\/news\/wp-json\/wp\/v2\/posts\/111700\/revisions"}],"predecessor-version":[{"id":111702,"href":"https:\/\/tvtecjundiai.com.br\/news\/wp-json\/wp\/v2\/posts\/111700\/revisions\/111702"}],"wp:featuredmedia":[{"embeddable":true,"href":"https:\/\/tvtecjundiai.com.br\/news\/wp-json\/wp\/v2\/media\/111701"}],"wp:attachment":[{"href":"https:\/\/tvtecjundiai.com.br\/news\/wp-json\/wp\/v2\/media?parent=111700"}],"wp:term":[{"taxonomy":"category","embeddable":true,"href":"https:\/\/tvtecjundiai.com.br\/news\/wp-json\/wp\/v2\/categories?post=111700"},{"taxonomy":"post_tag","embeddable":true,"href":"https:\/\/tvtecjundiai.com.br\/news\/wp-json\/wp\/v2\/tags?post=111700"}],"curies":[{"name":"wp","href":"https:\/\/api.w.org\/{rel}","templated":true}]}}