{"id":111703,"date":"2023-07-01T11:18:55","date_gmt":"2023-07-01T14:18:55","guid":{"rendered":"https:\/\/tvtecjundiai.com.br\/news\/?p=111703"},"modified":"2023-07-01T12:12:05","modified_gmt":"2023-07-01T15:12:05","slug":"jundiai-envia-plano-de-trabalho-para-recursos-da-lei-paulo-gustavo","status":"publish","type":"post","link":"https:\/\/tvtecjundiai.com.br\/news\/2023\/07\/01\/jundiai-envia-plano-de-trabalho-para-recursos-da-lei-paulo-gustavo\/","title":{"rendered":"Jundia\u00ed envia plano de trabalho para recursos da Lei Paulo Gustavo"},"content":{"rendered":"\n<p>Aprovado em Audi\u00eancia P\u00fablica realizada na noite de quinta-feira (29) pela Unidade de Gest\u00e3o de Cultura (UGC), o Plano de Trabalho para a aplica\u00e7\u00e3o dos recursos da Lei Paulo Gustavo em Jundia\u00ed, foi encaminhado para o Minist\u00e9rio da Cultura (MINC). Est\u00e3o indicados para Jundia\u00ed o valor de R$ 3,2 milh\u00f5es, a ser aplicados em projetos culturais, a ser contratados por edital p\u00fablico, conforme determina\u00e7\u00f5es do legisla\u00e7\u00e3o federal.<\/p>\n\n\n\n<p>\u201cO Plano de Trabalho foi aprovado por unanimidade. A constru\u00e7\u00e3o foi feita com a participa\u00e7\u00e3o dos artistas e t\u00e9cnicos de forma a garantir o atendimento ao maior n\u00famero de projetos e de maneira a garantir as especifica\u00e7\u00f5es estabelecidas na legisla\u00e7\u00e3o. Ser\u00e1 poss\u00edvel realizar 164 projetos conforme o plano aprovado e j\u00e1 encaminhado\u201d, detalha o gestor da UGC. Foram realizadas sete reuni\u00f5es de trabalho, entre Conselho Municipal de Pol\u00edtica Cultural e a UGC, a partir das c\u00e2maras setoriais.<\/p>\n\n\n\n<figure class=\"wp-block-image\"><img decoding=\"async\" src=\"https:\/\/jundiai.sp.gov.br\/noticias\/wp-content\/uploads\/sites\/32\/2023\/06\/audiencia_-2-1278x960.jpg\" alt=\"\" class=\"wp-image-320983\" \/><figcaption class=\"wp-element-caption\">Audi\u00eancia foi realizada no Expressa, na noite de quinta-feira (29)<\/figcaption><\/figure>\n\n\n\n<p>Os pr\u00f3ximos passos ser\u00e1 de tr\u00e2mites burocr\u00e1ticos para a assinatura da participa\u00e7\u00e3o, al\u00e9m da elabora\u00e7\u00e3o e publica\u00e7\u00e3o dos editais para contrata\u00e7\u00e3o dos projetos, conforme as especifica\u00e7\u00f5es para contemplar as linhas indicadas na Lei Paulo Gustavo. De acordo com o gestor, diferentemente da Lei Aldir Blanc, a Lei Paulo Gustavo tem incisos que determinam o atendimento ao setor de \u00e1udio visual. \u201cAo longo do desenvolvimento do plano de trabalho, definimos as linhas, com valores estipulados para obras em diversos portes, desde grande, at\u00e9 pequeno, in\u00e9dito ou n\u00e3o\u201d, explica.<\/p>\n\n\n\n<figure class=\"wp-block-image\"><img decoding=\"async\" src=\"https:\/\/jundiai.sp.gov.br\/noticias\/wp-content\/uploads\/sites\/32\/2023\/06\/audiencia_-3-1-1280x960.jpg\" alt=\"\" class=\"wp-image-320990\" \/><figcaption class=\"wp-element-caption\">Audi\u00eancia fecha etapa de trabalho realizada em parceria com as c\u00e2maras t\u00e9cnicas do Conselho Municipal de Pol\u00edtica Cultural<\/figcaption><\/figure>\n\n\n\n<p><strong><em>(Fonte\/Imagem: TVTEC Jundia\u00ed)<\/em><\/strong><\/p>\n","protected":false},"excerpt":{"rendered":"<p>Est\u00e3o indicados para Jundia\u00ed R$ 3,2 milh\u00f5es para projetos culturais<\/p>\n","protected":false},"author":30,"featured_media":111704,"comment_status":"closed","ping_status":"0","sticky":false,"template":"","format":"standard","meta":{"footnotes":""},"categories":[2833,29,8356],"tags":[],"class_list":["post-111703","post","type-post","status-publish","format-standard","has-post-thumbnail","hentry","category-cultura","category-destaque","category-jundiai"],"_links":{"self":[{"href":"https:\/\/tvtecjundiai.com.br\/news\/wp-json\/wp\/v2\/posts\/111703","targetHints":{"allow":["GET"]}}],"collection":[{"href":"https:\/\/tvtecjundiai.com.br\/news\/wp-json\/wp\/v2\/posts"}],"about":[{"href":"https:\/\/tvtecjundiai.com.br\/news\/wp-json\/wp\/v2\/types\/post"}],"author":[{"embeddable":true,"href":"https:\/\/tvtecjundiai.com.br\/news\/wp-json\/wp\/v2\/users\/30"}],"replies":[{"embeddable":true,"href":"https:\/\/tvtecjundiai.com.br\/news\/wp-json\/wp\/v2\/comments?post=111703"}],"version-history":[{"count":1,"href":"https:\/\/tvtecjundiai.com.br\/news\/wp-json\/wp\/v2\/posts\/111703\/revisions"}],"predecessor-version":[{"id":111705,"href":"https:\/\/tvtecjundiai.com.br\/news\/wp-json\/wp\/v2\/posts\/111703\/revisions\/111705"}],"wp:featuredmedia":[{"embeddable":true,"href":"https:\/\/tvtecjundiai.com.br\/news\/wp-json\/wp\/v2\/media\/111704"}],"wp:attachment":[{"href":"https:\/\/tvtecjundiai.com.br\/news\/wp-json\/wp\/v2\/media?parent=111703"}],"wp:term":[{"taxonomy":"category","embeddable":true,"href":"https:\/\/tvtecjundiai.com.br\/news\/wp-json\/wp\/v2\/categories?post=111703"},{"taxonomy":"post_tag","embeddable":true,"href":"https:\/\/tvtecjundiai.com.br\/news\/wp-json\/wp\/v2\/tags?post=111703"}],"curies":[{"name":"wp","href":"https:\/\/api.w.org\/{rel}","templated":true}]}}