{"id":111727,"date":"2023-07-02T10:16:01","date_gmt":"2023-07-02T13:16:01","guid":{"rendered":"https:\/\/tvtecjundiai.com.br\/news\/?p=111727"},"modified":"2023-07-02T10:30:22","modified_gmt":"2023-07-02T13:30:22","slug":"corais-da-ugc-apresentam-mostra-do-semestre-no-espaco-expressa","status":"publish","type":"post","link":"https:\/\/tvtecjundiai.com.br\/news\/2023\/07\/02\/corais-da-ugc-apresentam-mostra-do-semestre-no-espaco-expressa\/","title":{"rendered":"Corais da UGC apresentam mostra do semestre no Espa\u00e7o Expressa"},"content":{"rendered":"\n<p>Para marcar o encerramento das atividades do primeiro semestre de 2023 junto aos grupos de canto e coral da Unidade de Gest\u00e3o de Cultura (UGC), acontece, na pr\u00f3xima ter\u00e7a-feira, dia 04, \u00e0s 19h30, na Sala Santos Jundia\u00ed, no Espa\u00e7o Expressa, com entrada gratuita, uma mostra sob a supervis\u00e3o da regente Vasti Atique.<\/p>\n\n\n\n<figure class=\"wp-block-image\"><img decoding=\"async\" src=\"https:\/\/jundiai.sp.gov.br\/noticias\/wp-content\/uploads\/sites\/32\/2022\/10\/33-encontro-de-corais-de-jundiai-coral-municipal-de-jundiai_fm_-47.jpg\" alt=\"\" class=\"wp-image-304179\" \/><figcaption class=\"wp-element-caption\">Coral Adulto da UGC estar\u00e1 presente na mostra do semestre dia 04<\/figcaption><\/figure>\n\n\n\n<p>Na oportunidade, os grupos corais da Unidade de Gest\u00e3o de Cultura apresentar\u00e3o os trabalhos realizados no primeiro semestre, reunindo as mais diversas composi\u00e7\u00f5es e ritmos. Ser\u00e3o eles:&nbsp;Grupo Pr\u00e9 Coral Infantil Cidade das Crian\u00e7as \u2013 N\u00facleo F\u00e1brica de Inf\u00e2ncias Japy, Grupo Coral Infantojuvenil \u2013 N\u00facleos Regi\u00e3o do Retiro e Espa\u00e7o Expressa e Coral Municipal Adulto.<\/p>\n\n\n\n<p>Para essa apresenta\u00e7\u00e3o especial de final de semestre, foi convidado o Coral Canarinhos da Terra \u2013 N\u00facleo Jundia\u00ed \u2013 tamb\u00e9m sob a supervis\u00e3o da regente dos coros da UGC, Vasti Atique.<\/p>\n\n\n\n<p>O Espa\u00e7o Expressa (antigo Complexo Fepasa) est\u00e1 localizado na Avenida Uni\u00e3o dos Ferrovi\u00e1rios, 1.760 \u2013 Centro. No local h\u00e1 estacionamento coberto e gratuito.<\/p>\n\n\n\n<p><em>Fonte: Prefeitura de Jundia\u00ed<\/em><\/p>\n","protected":false},"excerpt":{"rendered":"<p>Na oportunidade ser\u00e3o apresentados os trabalhos realizados no primeiro semestre<\/p>\n","protected":false},"author":24,"featured_media":111728,"comment_status":"closed","ping_status":"0","sticky":false,"template":"","format":"standard","meta":{"footnotes":""},"categories":[2833,8356],"tags":[],"class_list":["post-111727","post","type-post","status-publish","format-standard","has-post-thumbnail","hentry","category-cultura","category-jundiai"],"_links":{"self":[{"href":"https:\/\/tvtecjundiai.com.br\/news\/wp-json\/wp\/v2\/posts\/111727","targetHints":{"allow":["GET"]}}],"collection":[{"href":"https:\/\/tvtecjundiai.com.br\/news\/wp-json\/wp\/v2\/posts"}],"about":[{"href":"https:\/\/tvtecjundiai.com.br\/news\/wp-json\/wp\/v2\/types\/post"}],"author":[{"embeddable":true,"href":"https:\/\/tvtecjundiai.com.br\/news\/wp-json\/wp\/v2\/users\/24"}],"replies":[{"embeddable":true,"href":"https:\/\/tvtecjundiai.com.br\/news\/wp-json\/wp\/v2\/comments?post=111727"}],"version-history":[{"count":2,"href":"https:\/\/tvtecjundiai.com.br\/news\/wp-json\/wp\/v2\/posts\/111727\/revisions"}],"predecessor-version":[{"id":111734,"href":"https:\/\/tvtecjundiai.com.br\/news\/wp-json\/wp\/v2\/posts\/111727\/revisions\/111734"}],"wp:featuredmedia":[{"embeddable":true,"href":"https:\/\/tvtecjundiai.com.br\/news\/wp-json\/wp\/v2\/media\/111728"}],"wp:attachment":[{"href":"https:\/\/tvtecjundiai.com.br\/news\/wp-json\/wp\/v2\/media?parent=111727"}],"wp:term":[{"taxonomy":"category","embeddable":true,"href":"https:\/\/tvtecjundiai.com.br\/news\/wp-json\/wp\/v2\/categories?post=111727"},{"taxonomy":"post_tag","embeddable":true,"href":"https:\/\/tvtecjundiai.com.br\/news\/wp-json\/wp\/v2\/tags?post=111727"}],"curies":[{"name":"wp","href":"https:\/\/api.w.org\/{rel}","templated":true}]}}