{"id":111749,"date":"2023-07-03T10:23:42","date_gmt":"2023-07-03T13:23:42","guid":{"rendered":"https:\/\/tvtecjundiai.com.br\/news\/?p=111749"},"modified":"2023-07-03T10:23:43","modified_gmt":"2023-07-03T13:23:43","slug":"junho-violeta-termina-com-conscientizacao-sobre-a-importancia-do-esporte-e-lazer","status":"publish","type":"post","link":"https:\/\/tvtecjundiai.com.br\/news\/2023\/07\/03\/junho-violeta-termina-com-conscientizacao-sobre-a-importancia-do-esporte-e-lazer\/","title":{"rendered":"Junho Violeta termina com conscientiza\u00e7\u00e3o sobre a import\u00e2ncia do esporte e lazer"},"content":{"rendered":"\n<p>A Assessoria de Pol\u00edticas para o Idoso finalizou, na tarde de sexta-feira (30), a Campanha Junho Violeta. Com o objetivo de conscientizar os idosos, foi promovida uma roda de conversa que trouxe a import\u00e2ncia o esporte e o lazer como fatores importantes para o combate \u00e0 viol\u00eancia contra a pessoa idosa. O evento aconteceu no Centro de Conviv\u00eancia do Idoso (CCI) da Vila Hortol\u00e2ndia. &nbsp;<\/p>\n\n\n\n<p>Participaram da atividade os alunos do CCI e integrantes do Centro Dia, sob a sob a orienta\u00e7\u00e3o da Diretora do Departamento Educacional e de Participa\u00e7\u00e3o, Ana Paula Citelli, al\u00e9m do Coordenador de Esportes Aqu\u00e1ticos, Michael Lenk. Aos idosos foi ressaltada a import\u00e2ncia da atividade f\u00edsica como promo\u00e7\u00e3o da sa\u00fade mental e f\u00edsica, descontra\u00e7\u00e3o, alegria, bem-estar, inclus\u00e3o social e ferramenta do combate \u00e0 viol\u00eancia.<\/p>\n\n\n<div class=\"wp-block-image\">\n<figure class=\"aligncenter size-large\"><img loading=\"lazy\" decoding=\"async\" width=\"1200\" height=\"900\" src=\"https:\/\/tvtecjundiai.com.br\/news\/wp-content\/uploads\/sites\/2\/2023\/07\/whatsapp-image-2023-06-30-at-16-48-46-1280x960-2-1200x900.jpeg\" alt=\"\" class=\"wp-image-111751\" srcset=\"https:\/\/tvtecjundiai.com.br\/news\/wp-content\/uploads\/sites\/2\/2023\/07\/whatsapp-image-2023-06-30-at-16-48-46-1280x960-2-1200x900.jpeg 1200w, https:\/\/tvtecjundiai.com.br\/news\/wp-content\/uploads\/sites\/2\/2023\/07\/whatsapp-image-2023-06-30-at-16-48-46-1280x960-2-300x225.jpeg 300w, https:\/\/tvtecjundiai.com.br\/news\/wp-content\/uploads\/sites\/2\/2023\/07\/whatsapp-image-2023-06-30-at-16-48-46-1280x960-2-768x576.jpeg 768w, https:\/\/tvtecjundiai.com.br\/news\/wp-content\/uploads\/sites\/2\/2023\/07\/whatsapp-image-2023-06-30-at-16-48-46-1280x960-2.jpeg 1280w\" sizes=\"auto, (max-width: 1200px) 100vw, 1200px\" \/><figcaption class=\"wp-element-caption\">Esporte e lazer como fatores importantes para o combate \u00e0 viol\u00eancia foram ressaltados a idosos<\/figcaption><\/figure>\n<\/div>\n\n\n<p>\u201cFechamos o Junho Violeta com uma importante orienta\u00e7\u00e3o sobre formas de aliviar tens\u00f5es, diminuir a ansiedade e promover maior estabilidade emocional e familiar, especialmente para as em situa\u00e7\u00e3o de vulnerabilidade, afastando-os de potenciais situa\u00e7\u00f5es que gerem viol\u00eancia\u201d, ressalta a Assessora de Pol\u00edticas para o Idoso, Alessandra Citelli.<\/p>\n\n\n\n<p>A atividade tamb\u00e9m contou com a presen\u00e7a da Coordenadora dos CCIs da Vila Hortol\u00e2ndia e Vila Arens, Sueli Hespanhol, e da Orientadora Educacional, Magali Moreira. Para conhecer as a\u00e7\u00f5es da Assessora do Idoso basta<a rel=\"noreferrer noopener\" href=\"https:\/\/idoso.jundiai.sp.gov.br\/\" target=\"_blank\">\u00a0clicar aqui<\/a>\u00a0e acessar o site, ou ligar para o telefone 4589-8628.<\/p>\n\n\n\n<p><strong><em>Fonte \/ Imagem: Prefeitura de Jundia\u00ed<\/em><\/strong><\/p>\n","protected":false},"excerpt":{"rendered":"<p>Esporte e lazer como fatores importantes para o combate \u00e0 viol\u00eancia foram ressaltados a idosos<\/p>\n","protected":false},"author":30,"featured_media":111751,"comment_status":"closed","ping_status":"0","sticky":false,"template":"","format":"standard","meta":{"footnotes":""},"categories":[8356,1],"tags":[],"class_list":["post-111749","post","type-post","status-publish","format-standard","has-post-thumbnail","hentry","category-jundiai","category-noticias"],"_links":{"self":[{"href":"https:\/\/tvtecjundiai.com.br\/news\/wp-json\/wp\/v2\/posts\/111749","targetHints":{"allow":["GET"]}}],"collection":[{"href":"https:\/\/tvtecjundiai.com.br\/news\/wp-json\/wp\/v2\/posts"}],"about":[{"href":"https:\/\/tvtecjundiai.com.br\/news\/wp-json\/wp\/v2\/types\/post"}],"author":[{"embeddable":true,"href":"https:\/\/tvtecjundiai.com.br\/news\/wp-json\/wp\/v2\/users\/30"}],"replies":[{"embeddable":true,"href":"https:\/\/tvtecjundiai.com.br\/news\/wp-json\/wp\/v2\/comments?post=111749"}],"version-history":[{"count":1,"href":"https:\/\/tvtecjundiai.com.br\/news\/wp-json\/wp\/v2\/posts\/111749\/revisions"}],"predecessor-version":[{"id":111752,"href":"https:\/\/tvtecjundiai.com.br\/news\/wp-json\/wp\/v2\/posts\/111749\/revisions\/111752"}],"wp:featuredmedia":[{"embeddable":true,"href":"https:\/\/tvtecjundiai.com.br\/news\/wp-json\/wp\/v2\/media\/111751"}],"wp:attachment":[{"href":"https:\/\/tvtecjundiai.com.br\/news\/wp-json\/wp\/v2\/media?parent=111749"}],"wp:term":[{"taxonomy":"category","embeddable":true,"href":"https:\/\/tvtecjundiai.com.br\/news\/wp-json\/wp\/v2\/categories?post=111749"},{"taxonomy":"post_tag","embeddable":true,"href":"https:\/\/tvtecjundiai.com.br\/news\/wp-json\/wp\/v2\/tags?post=111749"}],"curies":[{"name":"wp","href":"https:\/\/api.w.org\/{rel}","templated":true}]}}