{"id":111755,"date":"2023-07-03T12:42:37","date_gmt":"2023-07-03T15:42:37","guid":{"rendered":"https:\/\/tvtecjundiai.com.br\/news\/?p=111755"},"modified":"2023-07-03T15:52:49","modified_gmt":"2023-07-03T18:52:49","slug":"maratona-de-qualificacao-na-tvtec-foca-nos-criativos-do-galpao","status":"publish","type":"post","link":"https:\/\/tvtecjundiai.com.br\/news\/2023\/07\/03\/maratona-de-qualificacao-na-tvtec-foca-nos-criativos-do-galpao\/","title":{"rendered":"Maratona de Qualifica\u00e7\u00e3o na TVTEC foca nos criativos do Galp\u00e3o"},"content":{"rendered":"\n<p>A Prefeitura de Jundia\u00ed e a Funda\u00e7\u00e3o Escola TVTEC Jundia\u00ed (FTVTEC) promovem entre os dias 4 e 6 de julho a &#8216;4\u00aa Maratona Qualifica\u00e7\u00e3o Galp\u00e3o Criativo\u2019. O objetivo \u00e9 qualificar e capacitar os criativos que fazem parte da comunidade do Galp\u00e3o Criativo, Programa de Qualifica\u00e7\u00e3o de Talentos e Pr\u00e9-Incubadora de Prosperidade Social de Ideias, Oficinas e Criatividade. De forma gratuita, os interessados ter\u00e3o no\u00e7\u00f5es de cria\u00e7\u00e3o de conte\u00fado, imagem pessoal e profissional, ponto de venda e boas pr\u00e1ticas de manipula\u00e7\u00e3o de alimentos. Ser\u00e3o quase 500 vagas ofertadas para quem j\u00e1 faz parte da comunidade do Galp\u00e3o.<\/p>\n\n\n\n<p>&#8220;Contaremos com a parceria da Vigil\u00e2ncia Sanit\u00e1ria e da Fiscaliza\u00e7\u00e3o do Com\u00e9rcio porque aqueles que desejam empreender devem estar atentos \u00e0s normas municipais, em especial da \u00e1rea de alimenta\u00e7\u00e3o. Trata-se de mais um encontro sobre o programa de qualifica\u00e7\u00e3o de criativos que devem passar por uma trilha, desenvolver sua ideia, produto e habilidades de comunica\u00e7\u00e3o e capta\u00e7\u00e3o de recursos&#8221;, lembra a superintendente da FTVTEC, M\u00f4nica Gropelo. <\/p>\n\n\n\n<p>Nessa quarta-feira (4), in\u00edcio da Maratona, os cursos s\u00e3o &#8216;Orienta\u00e7\u00e3o do Balc\u00e3o do Empreendedor&#8217;, &#8216;Como gerar conte\u00fado para promover sua empresa&#8217;, e &#8216;Melhore seu ponto de venda. Temas importantes para quem deseja abrir seu neg\u00f3cio e se utilizar de ferramentas r\u00e1pida para que o p\u00fablico conhe\u00e7a seu produto. <\/p>\n\n\n\n<figure class=\"wp-block-image size-large\"><img loading=\"lazy\" decoding=\"async\" width=\"1200\" height=\"800\" src=\"https:\/\/tvtecjundiai.com.br\/news\/wp-content\/uploads\/sites\/2\/2023\/07\/geral-1200x800.jpg\" alt=\"\" class=\"wp-image-111762\" srcset=\"https:\/\/tvtecjundiai.com.br\/news\/wp-content\/uploads\/sites\/2\/2023\/07\/geral-1200x800.jpg 1200w, https:\/\/tvtecjundiai.com.br\/news\/wp-content\/uploads\/sites\/2\/2023\/07\/geral-300x200.jpg 300w, https:\/\/tvtecjundiai.com.br\/news\/wp-content\/uploads\/sites\/2\/2023\/07\/geral-768x512.jpg 768w, https:\/\/tvtecjundiai.com.br\/news\/wp-content\/uploads\/sites\/2\/2023\/07\/geral.jpg 1280w\" sizes=\"auto, (max-width: 1200px) 100vw, 1200px\" \/><figcaption class=\"wp-element-caption\">Os criativos que fizerem as qualifica\u00e7\u00f5es entrar\u00e3o em um sorteio para participar do Galp\u00e3o no dia 15<\/figcaption><\/figure>\n\n\n\n<p>A <span style=\"font-size: revert;color: initial\">diretora do Departamento de Receita Tribut\u00e1ria, Roseli da P\u00f3s, adianta que h\u00e1 muita procura por informa\u00e7\u00f5es sobre o MEI, categoria empresarial criada para facilitar a regulariza\u00e7\u00e3o das atividades econ\u00f4micas de pessoas que trabalham por conta e que n\u00e3o t\u00eam s\u00f3cios. Fazer as qualifica\u00e7\u00f5es ajuda a entender o processo. &#8220;Quem est\u00e1 come\u00e7ando empreender d\u00e1 prefer\u00eancia por se tornar um MEI pela praticidade que uma empresa nesse formato \u00e9 aberta. As principais d\u00favidas s\u00e3o de como abrir um CNPJ ou constituir uma empresa, como obter inscri\u00e7\u00e3o municipal e documenta\u00e7\u00e3o necess\u00e1ria, onde solicitar o licenciamento da empresa.\u201d<\/span>   <\/p>\n\n\n\n<p>Ap\u00f3s as qualifica\u00e7\u00f5es, os alunos seguem para sorteio para o Galp\u00e3o do dia 15 de julho. <\/p>\n\n\n\n<p><strong>Programa\u00e7\u00e3o da \u2018Maratona Qualifica\u00e7\u00e3o Galp\u00e3o Criativo\u2019<\/strong><\/p>\n\n\n\n<p>Dia 4 (ter\u00e7a-feira)<br>\u27a1\ufe0f 10h \u00e0s 11h: Orienta\u00e7\u00e3o do Balc\u00e3o do Empreendedor &#8211; S\u00e9rgio Botelho Kohn e Priscila Fel\u00edcio Silva<br>\u27a1\ufe0f 19h \u00e0s 20h30: Como gerar conte\u00fado para promover sua empresa &#8211; Mari Batista<br>\u27a1\ufe0f 20h30 \u00e0s 22h: Melhore seu ponto de venda &#8211; Anderson Muller<\/p>\n\n\n\n<p>Dia 5 (quarta-feira)<br>\u27a1\ufe0f 14h \u00e0s 15h: Tenho um CNPJ e agora, como me valorizar garante boa gest\u00e3o financeira? &#8211; Evian Valli Aguiar<br>\u27a1\ufe0f 19h \u00e0s 20h30: Imagem pessoal e profissional &#8211; Ariane Braga<br>\u27a1\ufe0f 20h30 \u00e0s 22h: Como vender seus produto &#8211; Carolina Denardi<\/p>\n\n\n\n<p>Dia 6 (quinta-feira)<br>\u27a1\ufe0f 14h \u00e0s 17h: Boas pr\u00e1ticas de manipula\u00e7\u00e3o de alimentos em servi\u00e7os de alimenta\u00e7\u00e3o &#8211; Jeanine Maria Salve<br>\u27a1\ufe0f 19h \u00e0s 20h30: Pesquisa de Mercado e precifica\u00e7\u00e3o &#8211; M\u00f4nica Schincariol<br>\u27a1\ufe0f 20h30 \u00e0s 22h: Os benef\u00edcios de ser MEI &#8211; J\u00falio Durante<\/p>\n\n\n\n<p><strong><em>(Fonte: TVTEC Jundia\u00ed\/Imagens: TVTEC Jundia\u00ed e Divulga\u00e7\u00e3o)<\/em><\/strong><\/p>\n","protected":false},"excerpt":{"rendered":"<p>Ser\u00e3o quase 500 vagas ofertadas para quem faz parte da comunidade <\/p>\n","protected":false},"author":30,"featured_media":111759,"comment_status":"closed","ping_status":"0","sticky":false,"template":"","format":"standard","meta":{"footnotes":""},"categories":[2834,2832,29,2828,8408,8356,1],"tags":[],"class_list":["post-111755","post","type-post","status-publish","format-standard","has-post-thumbnail","hentry","category-cidades","category-cursos","category-destaque","category-educacao","category-galpao-criativo","category-jundiai","category-noticias"],"_links":{"self":[{"href":"https:\/\/tvtecjundiai.com.br\/news\/wp-json\/wp\/v2\/posts\/111755","targetHints":{"allow":["GET"]}}],"collection":[{"href":"https:\/\/tvtecjundiai.com.br\/news\/wp-json\/wp\/v2\/posts"}],"about":[{"href":"https:\/\/tvtecjundiai.com.br\/news\/wp-json\/wp\/v2\/types\/post"}],"author":[{"embeddable":true,"href":"https:\/\/tvtecjundiai.com.br\/news\/wp-json\/wp\/v2\/users\/30"}],"replies":[{"embeddable":true,"href":"https:\/\/tvtecjundiai.com.br\/news\/wp-json\/wp\/v2\/comments?post=111755"}],"version-history":[{"count":4,"href":"https:\/\/tvtecjundiai.com.br\/news\/wp-json\/wp\/v2\/posts\/111755\/revisions"}],"predecessor-version":[{"id":111776,"href":"https:\/\/tvtecjundiai.com.br\/news\/wp-json\/wp\/v2\/posts\/111755\/revisions\/111776"}],"wp:featuredmedia":[{"embeddable":true,"href":"https:\/\/tvtecjundiai.com.br\/news\/wp-json\/wp\/v2\/media\/111759"}],"wp:attachment":[{"href":"https:\/\/tvtecjundiai.com.br\/news\/wp-json\/wp\/v2\/media?parent=111755"}],"wp:term":[{"taxonomy":"category","embeddable":true,"href":"https:\/\/tvtecjundiai.com.br\/news\/wp-json\/wp\/v2\/categories?post=111755"},{"taxonomy":"post_tag","embeddable":true,"href":"https:\/\/tvtecjundiai.com.br\/news\/wp-json\/wp\/v2\/tags?post=111755"}],"curies":[{"name":"wp","href":"https:\/\/api.w.org\/{rel}","templated":true}]}}