{"id":111765,"date":"2023-07-03T14:11:09","date_gmt":"2023-07-03T17:11:09","guid":{"rendered":"https:\/\/tvtecjundiai.com.br\/news\/?p=111765"},"modified":"2023-07-03T14:19:17","modified_gmt":"2023-07-03T17:19:17","slug":"53a-festa-da-terra-nova-em-jundiai-comeca-no-dia-15-de-julho","status":"publish","type":"post","link":"https:\/\/tvtecjundiai.com.br\/news\/2023\/07\/03\/53a-festa-da-terra-nova-em-jundiai-comeca-no-dia-15-de-julho\/","title":{"rendered":"53\u00aa Festa da Terra Nova em Jundia\u00ed come\u00e7a no dia 15 de julho"},"content":{"rendered":"\n<p>A Festa da Terra Nova, uma das mais tradicionais de Jundia\u00ed, j\u00e1 est\u00e1 em sua 53\u00aa edi\u00e7\u00e3o. Este ano, o festejo da Par\u00f3quia Santa Rosa de Lima acontece nos dias 15, 16, 22, 23, 29 e 30 de julho, no sal\u00e3o de festas da Comunidade Bom Jesus, que fica na avenida Engenheiro Tasso Pinheiro, 2649, Terra Nova.<\/p>\n\n\n\n<figure class=\"wp-block-image size-large\"><img loading=\"lazy\" decoding=\"async\" width=\"1200\" height=\"538\" src=\"https:\/\/tvtecjundiai.com.br\/news\/wp-content\/uploads\/sites\/2\/2023\/07\/festa-da-terra-nova-jundiai-1200x538.jpg\" alt=\"\" class=\"wp-image-111766\" srcset=\"https:\/\/tvtecjundiai.com.br\/news\/wp-content\/uploads\/sites\/2\/2023\/07\/festa-da-terra-nova-jundiai-1200x538.jpg 1200w, https:\/\/tvtecjundiai.com.br\/news\/wp-content\/uploads\/sites\/2\/2023\/07\/festa-da-terra-nova-jundiai-300x135.jpg 300w, https:\/\/tvtecjundiai.com.br\/news\/wp-content\/uploads\/sites\/2\/2023\/07\/festa-da-terra-nova-jundiai-768x344.jpg 768w, https:\/\/tvtecjundiai.com.br\/news\/wp-content\/uploads\/sites\/2\/2023\/07\/festa-da-terra-nova-jundiai.jpg 1280w\" sizes=\"auto, (max-width: 1200px) 100vw, 1200px\" \/><\/figure>\n\n\n\n<p><\/p>\n\n\n\n<p>A festa \u00e9 realizada aos s\u00e1bados, das 19h \u00e0s 23h, e aos domingos, das 11h \u00e0s 16h. No card\u00e1pio, os visitantes v\u00e3o encontrar del\u00edcias como o torresmo de rolo, frango frito, churrasco na chapa, nhoque, risoto, por\u00e7\u00f5es de lingui\u00e7a, polenta frita, batata frita, pastel, bebidas, doces e sorvete. <\/p>\n\n\n\n<p>Al\u00e9m da \u00f3tima comida, as fam\u00edlias tamb\u00e9m podem se divertir nas barracas de brincadeiras, como a pescaria e a roleta, entre outras divers\u00f5es.<\/p>\n\n\n\n<figure class=\"wp-block-image size-large\"><img loading=\"lazy\" decoding=\"async\" width=\"1200\" height=\"538\" src=\"https:\/\/tvtecjundiai.com.br\/news\/wp-content\/uploads\/sites\/2\/2023\/07\/jundiai-festa-da-terra-nova-1200x538.jpg\" alt=\"\" class=\"wp-image-111768\" srcset=\"https:\/\/tvtecjundiai.com.br\/news\/wp-content\/uploads\/sites\/2\/2023\/07\/jundiai-festa-da-terra-nova-1200x538.jpg 1200w, https:\/\/tvtecjundiai.com.br\/news\/wp-content\/uploads\/sites\/2\/2023\/07\/jundiai-festa-da-terra-nova-300x135.jpg 300w, https:\/\/tvtecjundiai.com.br\/news\/wp-content\/uploads\/sites\/2\/2023\/07\/jundiai-festa-da-terra-nova-768x344.jpg 768w, https:\/\/tvtecjundiai.com.br\/news\/wp-content\/uploads\/sites\/2\/2023\/07\/jundiai-festa-da-terra-nova.jpg 1280w\" sizes=\"auto, (max-width: 1200px) 100vw, 1200px\" \/><\/figure>\n\n\n\n<p><\/p>\n\n\n\n<p><strong>Festa da Terra Nova<\/strong><\/p>\n\n\n\n<ul class=\"wp-block-list\">\n<li><strong>S\u00e1bados (15, 22 e 29 de julho):<\/strong>&nbsp;das 19h \u00e0s 23h<\/li>\n\n\n\n<li><strong>Domingos (16, 23 e 30 de julho):<\/strong>&nbsp;das 11h \u00e0s 16h<\/li>\n\n\n\n<li><strong>Endere\u00e7o:&nbsp;<\/strong>avenida Engenheiro Tasso Pinheiro, 2649, Terra Nova<\/li>\n\n\n\n<li><strong>Facebook para mais informa\u00e7\u00f5es:&nbsp;<a href=\"https:\/\/www.facebook.com\/festadaterranova\/\">@festadaterranova<\/a><\/strong><\/li>\n<\/ul>\n\n\n\n<p><em><strong>(Fonte: TVTEC Jundia\u00ed\/Imagens: Divulga\u00e7\u00e3o\/Par\u00f3quia Santa Rosa de Lima)<\/strong><\/em><\/p>\n","protected":false},"excerpt":{"rendered":"<p>A festa \u00e9 realizada aos s\u00e1bados, das 19h \u00e0s 23h, e aos domingos, das 11h \u00e0s 16h<\/p>\n","protected":false},"author":30,"featured_media":111766,"comment_status":"closed","ping_status":"0","sticky":false,"template":"","format":"standard","meta":{"footnotes":""},"categories":[6309,8356,8354,1],"tags":[],"class_list":["post-111765","post","type-post","status-publish","format-standard","has-post-thumbnail","hentry","category-gastronomia","category-jundiai","category-lazer","category-noticias"],"_links":{"self":[{"href":"https:\/\/tvtecjundiai.com.br\/news\/wp-json\/wp\/v2\/posts\/111765","targetHints":{"allow":["GET"]}}],"collection":[{"href":"https:\/\/tvtecjundiai.com.br\/news\/wp-json\/wp\/v2\/posts"}],"about":[{"href":"https:\/\/tvtecjundiai.com.br\/news\/wp-json\/wp\/v2\/types\/post"}],"author":[{"embeddable":true,"href":"https:\/\/tvtecjundiai.com.br\/news\/wp-json\/wp\/v2\/users\/30"}],"replies":[{"embeddable":true,"href":"https:\/\/tvtecjundiai.com.br\/news\/wp-json\/wp\/v2\/comments?post=111765"}],"version-history":[{"count":3,"href":"https:\/\/tvtecjundiai.com.br\/news\/wp-json\/wp\/v2\/posts\/111765\/revisions"}],"predecessor-version":[{"id":111771,"href":"https:\/\/tvtecjundiai.com.br\/news\/wp-json\/wp\/v2\/posts\/111765\/revisions\/111771"}],"wp:featuredmedia":[{"embeddable":true,"href":"https:\/\/tvtecjundiai.com.br\/news\/wp-json\/wp\/v2\/media\/111766"}],"wp:attachment":[{"href":"https:\/\/tvtecjundiai.com.br\/news\/wp-json\/wp\/v2\/media?parent=111765"}],"wp:term":[{"taxonomy":"category","embeddable":true,"href":"https:\/\/tvtecjundiai.com.br\/news\/wp-json\/wp\/v2\/categories?post=111765"},{"taxonomy":"post_tag","embeddable":true,"href":"https:\/\/tvtecjundiai.com.br\/news\/wp-json\/wp\/v2\/tags?post=111765"}],"curies":[{"name":"wp","href":"https:\/\/api.w.org\/{rel}","templated":true}]}}