{"id":111779,"date":"2023-07-03T15:55:57","date_gmt":"2023-07-03T18:55:57","guid":{"rendered":"https:\/\/tvtecjundiai.com.br\/news\/?p=111779"},"modified":"2023-07-03T15:55:58","modified_gmt":"2023-07-03T18:55:58","slug":"cultura-promove-diversas-oficinas-de-ferias-gratuitas-em-seus-equipamentos","status":"publish","type":"post","link":"https:\/\/tvtecjundiai.com.br\/news\/2023\/07\/03\/cultura-promove-diversas-oficinas-de-ferias-gratuitas-em-seus-equipamentos\/","title":{"rendered":"Cultura promove diversas oficinas de f\u00e9rias gratuitas em seus equipamentos"},"content":{"rendered":"\n<p>Para atender a garotada que entra em per\u00edodo de f\u00e9rias escolares, mas que n\u00e3o vai sair da cidade, a Unidade de Gest\u00e3o de Cultura (UGC), programou uma s\u00e9rie de oficinas artesanais e culturais, totalmente gratuitas, que ser\u00e3o realizadas em quatro dos equipamentos culturais: Pracinha da Cultura do Vista Alegre, F\u00e1brica das Inf\u00e2ncias Japy, Biblioteca Nelson Foot e Pinacoteca Di\u00f3genes Duarte Paes.<\/p>\n\n\n<div class=\"wp-block-image\">\n<figure class=\"aligncenter size-large is-resized\"><img loading=\"lazy\" decoding=\"async\" src=\"https:\/\/tvtecjundiai.com.br\/news\/wp-content\/uploads\/sites\/2\/2023\/07\/foto-cia-caca-vento-3-1200x886.jpeg\" alt=\"\" class=\"wp-image-111780\" width=\"782\" height=\"577\" srcset=\"https:\/\/tvtecjundiai.com.br\/news\/wp-content\/uploads\/sites\/2\/2023\/07\/foto-cia-caca-vento-3-1200x886.jpeg 1200w, https:\/\/tvtecjundiai.com.br\/news\/wp-content\/uploads\/sites\/2\/2023\/07\/foto-cia-caca-vento-3-300x221.jpeg 300w, https:\/\/tvtecjundiai.com.br\/news\/wp-content\/uploads\/sites\/2\/2023\/07\/foto-cia-caca-vento-3-768x567.jpeg 768w, https:\/\/tvtecjundiai.com.br\/news\/wp-content\/uploads\/sites\/2\/2023\/07\/foto-cia-caca-vento-3.jpeg 1280w\" sizes=\"auto, (max-width: 782px) 100vw, 782px\" \/><figcaption class=\"wp-element-caption\">Toda programa\u00e7\u00e3o oferecida gratuitamente pela Cultura<\/figcaption><\/figure>\n<\/div>\n\n\n<p>Os interessados dever\u00e3o se inscrever diretamente no equipamento em que desejar participar das oficinas. As oficinas programadas s\u00e3o as seguintes:<\/p>\n\n\n\n<p><strong>Pracinha da Cultura do Vista Alegre<\/strong><\/p>\n\n\n\n<p>Jogos de Dama e Xadrez \u2013 dia 04 e 11 de julho \u2013 ter\u00e7a-feira, a partir das 18h.<\/p>\n\n\n\n<p>Oficina de Artes \u2013 dias 06, 13, 20 e 27 \u2013 quinta-feira, a partir das 18h.<\/p>\n\n\n\n<p>Ca\u00e7a ao Tesouro \u2013 dia 25 \u2013 ter\u00e7a-feira \u2013 a partir das 16h.<\/p>\n\n\n\n<p><strong><em>&nbsp;<\/em><\/strong>Rua Cabo Edvaldo Quirino Santana, 46-110, Vista Alegre \/Telefone: (11) 4521-6193.<\/p>\n\n\n\n<p><strong>Pinacoteca Di\u00f3genes Duarte Paes<\/strong><\/p>\n\n\n\n<p>Oficina de Colagem \u2013 dia 08 \u2013 s\u00e1bado -das 10h \u00e0s 12h.<\/p>\n\n\n\n<p>Oficina de Dobraduras \u2013 dia 12 \u2013 quarta-feira, das 14h \u00e0s 16h.<\/p>\n\n\n\n<p>Oficina de Malabarismo \u2013 da 14 \u2013 sexta-feira, das 14h \u00e0s 16h.<\/p>\n\n\n\n<p>Rua Bar\u00e3o de Jundia\u00ed, 109, Centro\/&nbsp;<strong>Telefone:<\/strong>&nbsp;(11) 4586-2326 | 4589-6792<\/p>\n\n\n\n<p><strong>F\u00e1brica das Inf\u00e2ncias Japy<\/strong><\/p>\n\n\n\n<p>Oficina Torres de Bambu \u2013 dia 11 \u2013 ter\u00e7a-feira e dia 21 \u2013 sexta-feira<\/p>\n\n\n\n<p>Oficina Circo Org\u00e2nico \u2013 dia 12 \u2013 quarta-feira e dia 20 \u2013 quinta-feira<\/p>\n\n\n\n<p><em>&nbsp;<\/em>T\u00e9khton e as formas do Universo \u2013 dia 13 \u2013 quinta-feira e dia 18 \u2013 ter\u00e7a-feira<\/p>\n\n\n\n<p>Shantala \u2013 dia 14 \u2013 sexta-feira e dia 19 \u2013 quarta-feira<\/p>\n\n\n\n<p>Rua Lacerda Franco, 175, Vila Arens&nbsp;<strong>Telefone:<\/strong>&nbsp;(11) 4521-0971<\/p>\n\n\n\n<p><strong>Biblioteca Nelson Foot<\/strong><\/p>\n\n\n\n<p>A programa\u00e7\u00e3o de f\u00e9rias na Biblioteca ser\u00e1 voltada para a conta\u00e7\u00e3o de hist\u00f3rias. A cada dia, um grupo teatral ficar\u00e1 respons\u00e1vel pela apresenta\u00e7\u00e3o. O calend\u00e1rio das atividades ficou assim definido:<\/p>\n\n\n\n<p>Dia 08 \u2013 s\u00e1bado \u2013 16h \u2013 ator M\u00e1rio Rebou\u00e7as.<\/p>\n\n\n\n<p>Dia 10 \u2013 segunda-feira \u2013 16h \u2013 Cia. Gatos Gordos<\/p>\n\n\n\n<p>Dia 11 \u2013 ter\u00e7a-feira \u2013 16h \u2013 Cia. Contando com Encanto<\/p>\n\n\n\n<p>Dia 12 \u2013 quarta-feira \u2013 16h \u2013 Cia. Giro no Biombo<\/p>\n\n\n\n<p>Dia 13 \u2013 quinta-feira \u2013 15h \u2013 Cia Ca\u00e7a Vento<\/p>\n\n\n\n<p>Dia 14 \u2013 sexta-feira \u2013 15 h \u2013 Trupe Pling<\/p>\n\n\n\n<p>Avenida Dr. Cavalcanti, 396 \u2013 Vila Arens\/ (11) 4527-2110<\/p>\n\n\n\n<p><strong><em>Fonte \/ Imagem: Prefeitura de Jundia\u00ed<\/em><\/strong><\/p>\n","protected":false},"excerpt":{"rendered":"<p>Toda programa\u00e7\u00e3o oferecida gratuitamente pela Cultura<\/p>\n","protected":false},"author":30,"featured_media":111780,"comment_status":"closed","ping_status":"0","sticky":false,"template":"","format":"standard","meta":{"footnotes":""},"categories":[2833,8356,1],"tags":[],"class_list":["post-111779","post","type-post","status-publish","format-standard","has-post-thumbnail","hentry","category-cultura","category-jundiai","category-noticias"],"_links":{"self":[{"href":"https:\/\/tvtecjundiai.com.br\/news\/wp-json\/wp\/v2\/posts\/111779","targetHints":{"allow":["GET"]}}],"collection":[{"href":"https:\/\/tvtecjundiai.com.br\/news\/wp-json\/wp\/v2\/posts"}],"about":[{"href":"https:\/\/tvtecjundiai.com.br\/news\/wp-json\/wp\/v2\/types\/post"}],"author":[{"embeddable":true,"href":"https:\/\/tvtecjundiai.com.br\/news\/wp-json\/wp\/v2\/users\/30"}],"replies":[{"embeddable":true,"href":"https:\/\/tvtecjundiai.com.br\/news\/wp-json\/wp\/v2\/comments?post=111779"}],"version-history":[{"count":1,"href":"https:\/\/tvtecjundiai.com.br\/news\/wp-json\/wp\/v2\/posts\/111779\/revisions"}],"predecessor-version":[{"id":111781,"href":"https:\/\/tvtecjundiai.com.br\/news\/wp-json\/wp\/v2\/posts\/111779\/revisions\/111781"}],"wp:featuredmedia":[{"embeddable":true,"href":"https:\/\/tvtecjundiai.com.br\/news\/wp-json\/wp\/v2\/media\/111780"}],"wp:attachment":[{"href":"https:\/\/tvtecjundiai.com.br\/news\/wp-json\/wp\/v2\/media?parent=111779"}],"wp:term":[{"taxonomy":"category","embeddable":true,"href":"https:\/\/tvtecjundiai.com.br\/news\/wp-json\/wp\/v2\/categories?post=111779"},{"taxonomy":"post_tag","embeddable":true,"href":"https:\/\/tvtecjundiai.com.br\/news\/wp-json\/wp\/v2\/tags?post=111779"}],"curies":[{"name":"wp","href":"https:\/\/api.w.org\/{rel}","templated":true}]}}