{"id":111782,"date":"2023-07-03T15:58:10","date_gmt":"2023-07-03T18:58:10","guid":{"rendered":"https:\/\/tvtecjundiai.com.br\/news\/?p=111782"},"modified":"2023-07-03T15:58:10","modified_gmt":"2023-07-03T18:58:10","slug":"primeira-medalha-de-ouro-da-65a-edicao-dos-jogos-regionais-e-jundiaiense","status":"publish","type":"post","link":"https:\/\/tvtecjundiai.com.br\/news\/2023\/07\/03\/primeira-medalha-de-ouro-da-65a-edicao-dos-jogos-regionais-e-jundiaiense\/","title":{"rendered":"Primeira medalha de ouro da 65\u00aa edi\u00e7\u00e3o dos Jogos Regionais \u00e9 jundiaiense"},"content":{"rendered":"\n<p>A participa\u00e7\u00e3o de Jundia\u00ed na 65\u00ba edi\u00e7\u00e3o Jogos Regionais da 8\u00aa regi\u00e3o esportiva, em Cerquilho, Boituva e Tiet\u00ea, n\u00e3o poderia come\u00e7ar melhor. A primeira medalha de ouro geral da competi\u00e7\u00e3o foi jundiaiense.<\/p>\n\n\n\n<p>J\u00e1 no primeiro dia de disputas, a atleta Daniela Lavignatti, integrante da equipe de atletismo da Unidade de Gest\u00e3o de Esportes e Lazer da Prefeitura de Jundia\u00ed, brilhou na disputa dos 5 mil metros, na pista ao lado do gin\u00e1sio Ac\u00e1cio Ferraz, em Tiet\u00ea.<\/p>\n\n\n<div class=\"wp-block-image\">\n<figure class=\"aligncenter size-full\"><img loading=\"lazy\" decoding=\"async\" width=\"651\" height=\"447\" src=\"https:\/\/tvtecjundiai.com.br\/news\/wp-content\/uploads\/sites\/2\/2023\/07\/whatsapp-image-2023-07-03-at-15-21-22.jpeg\" alt=\"\" class=\"wp-image-111783\" srcset=\"https:\/\/tvtecjundiai.com.br\/news\/wp-content\/uploads\/sites\/2\/2023\/07\/whatsapp-image-2023-07-03-at-15-21-22.jpeg 651w, https:\/\/tvtecjundiai.com.br\/news\/wp-content\/uploads\/sites\/2\/2023\/07\/whatsapp-image-2023-07-03-at-15-21-22-300x206.jpeg 300w\" sizes=\"auto, (max-width: 651px) 100vw, 651px\" \/><figcaption class=\"wp-element-caption\">Primeira medalha da edi\u00e7\u00e3o dos Jogos Regionais \u00e9 de Jundia\u00ed, na modalidade de Atletismo, 5 mil metros<\/figcaption><\/figure>\n<\/div>\n\n\n<p>Itupeva e Sorocaba completaram o p\u00f3dio, com medalhas de prata e bronze. O Secret\u00e1rio de Esportes de Cerquilho, Alessandro Moreira, foi o respons\u00e1vel pela entrega da primeira medalha de ouro.<\/p>\n\n\n\n<p><strong>Outros resultados<br><\/strong>Jundia\u00ed tamb\u00e9m come\u00e7ou com vit\u00f3rias no basquete masculino, por 105 a 16 sobre Rafard, e dois sets a 0 no v\u00f4lei de praia masculino contra Tapira\u00ed. V\u00f4lei de praia feminino e basquete feminino tiveram vit\u00f3rias administrativas, j\u00e1 que as advers\u00e1rias desistiram da competi\u00e7\u00e3o.<\/p>\n\n\n\n<p><strong><em>Fonte \/ Imagem: Prefeitura de Jundia\u00ed<\/em><\/strong><\/p>\n","protected":false},"excerpt":{"rendered":"<p>Primeira medalha da edi\u00e7\u00e3o dos Jogos Regionais \u00e9 de Jundia\u00ed, na modalidade de Atletismo, 5 mil metros<\/p>\n","protected":false},"author":30,"featured_media":111784,"comment_status":"closed","ping_status":"0","sticky":false,"template":"","format":"standard","meta":{"footnotes":""},"categories":[2827,8356,1],"tags":[],"class_list":["post-111782","post","type-post","status-publish","format-standard","has-post-thumbnail","hentry","category-esportes-e-lazer","category-jundiai","category-noticias"],"_links":{"self":[{"href":"https:\/\/tvtecjundiai.com.br\/news\/wp-json\/wp\/v2\/posts\/111782","targetHints":{"allow":["GET"]}}],"collection":[{"href":"https:\/\/tvtecjundiai.com.br\/news\/wp-json\/wp\/v2\/posts"}],"about":[{"href":"https:\/\/tvtecjundiai.com.br\/news\/wp-json\/wp\/v2\/types\/post"}],"author":[{"embeddable":true,"href":"https:\/\/tvtecjundiai.com.br\/news\/wp-json\/wp\/v2\/users\/30"}],"replies":[{"embeddable":true,"href":"https:\/\/tvtecjundiai.com.br\/news\/wp-json\/wp\/v2\/comments?post=111782"}],"version-history":[{"count":1,"href":"https:\/\/tvtecjundiai.com.br\/news\/wp-json\/wp\/v2\/posts\/111782\/revisions"}],"predecessor-version":[{"id":111785,"href":"https:\/\/tvtecjundiai.com.br\/news\/wp-json\/wp\/v2\/posts\/111782\/revisions\/111785"}],"wp:featuredmedia":[{"embeddable":true,"href":"https:\/\/tvtecjundiai.com.br\/news\/wp-json\/wp\/v2\/media\/111784"}],"wp:attachment":[{"href":"https:\/\/tvtecjundiai.com.br\/news\/wp-json\/wp\/v2\/media?parent=111782"}],"wp:term":[{"taxonomy":"category","embeddable":true,"href":"https:\/\/tvtecjundiai.com.br\/news\/wp-json\/wp\/v2\/categories?post=111782"},{"taxonomy":"post_tag","embeddable":true,"href":"https:\/\/tvtecjundiai.com.br\/news\/wp-json\/wp\/v2\/tags?post=111782"}],"curies":[{"name":"wp","href":"https:\/\/api.w.org\/{rel}","templated":true}]}}