{"id":111811,"date":"2023-07-04T14:13:43","date_gmt":"2023-07-04T17:13:43","guid":{"rendered":"https:\/\/tvtecjundiai.com.br\/news\/?p=111811"},"modified":"2023-07-04T14:13:44","modified_gmt":"2023-07-04T17:13:44","slug":"nova-minuta-de-revisao-do-plano-diretor-sera-analisada-pelo-cmpt","status":"publish","type":"post","link":"https:\/\/tvtecjundiai.com.br\/news\/2023\/07\/04\/nova-minuta-de-revisao-do-plano-diretor-sera-analisada-pelo-cmpt\/","title":{"rendered":"Nova minuta de revis\u00e3o do Plano Diretor ser\u00e1 analisada pelo CMPT"},"content":{"rendered":"\n<p>A Unidade de Planejamento Urbano e Meio Ambiente (UGPUMA) entregou ao Conselho Municipal de Pol\u00edtica Territorial (CMPT) a nova minuta de revis\u00e3o do Plano Diretor, para an\u00e1lise e manifesta\u00e7\u00e3o. O gestor da UGPUMA, Sin\u00e9sio Scarabello Filho, informou que a minuta que j\u00e1 havia sido aprovada pelo pr\u00f3prio Conselho em outubro de 2022 sofreu altera\u00e7\u00f5es, por isso ela novamente dever\u00e1 ser avaliada pelos conselheiros.<\/p>\n\n\n\n<p>\u201cA proposta sofreu modifica\u00e7\u00f5es em virtude de novas sugest\u00f5es e demandas, sobretudo de \u00f3rg\u00e3os da Administra\u00e7\u00e3o Municipal\u201d, informou o gestor. Para facilitar a an\u00e1lise, inclusive das novas sugest\u00f5es, a minuta encaminhada adota cores que indicam o que j\u00e1 havia sido analisado e aprovado, inclusive pelo CMPT, e o que foi proposto em seguida por cada \u00f3rg\u00e3o.<\/p>\n\n\n<div class=\"wp-block-image\">\n<figure class=\"aligncenter size-large\"><img loading=\"lazy\" decoding=\"async\" width=\"1200\" height=\"674\" src=\"https:\/\/tvtecjundiai.com.br\/news\/wp-content\/uploads\/sites\/2\/2023\/07\/drone_obras_complexo-fepasa-13-3-1280x719-1-1200x674.jpg\" alt=\"\" class=\"wp-image-111812\" srcset=\"https:\/\/tvtecjundiai.com.br\/news\/wp-content\/uploads\/sites\/2\/2023\/07\/drone_obras_complexo-fepasa-13-3-1280x719-1-1200x674.jpg 1200w, https:\/\/tvtecjundiai.com.br\/news\/wp-content\/uploads\/sites\/2\/2023\/07\/drone_obras_complexo-fepasa-13-3-1280x719-1-300x169.jpg 300w, https:\/\/tvtecjundiai.com.br\/news\/wp-content\/uploads\/sites\/2\/2023\/07\/drone_obras_complexo-fepasa-13-3-1280x719-1-768x431.jpg 768w, https:\/\/tvtecjundiai.com.br\/news\/wp-content\/uploads\/sites\/2\/2023\/07\/drone_obras_complexo-fepasa-13-3-1280x719-1.jpg 1280w\" sizes=\"auto, (max-width: 1200px) 100vw, 1200px\" \/><figcaption class=\"wp-element-caption\">Nova minuta de revis\u00e3o do Plano Diretor ser\u00e1 analisada pelo Conselho Municipal de Pol\u00edtica Territorial<\/figcaption><\/figure>\n<\/div>\n\n\n<p>Segundo o presidente do CMPT, o arquiteto Andr\u00e9 Ferrazzo, o Conselho iniciou em 2021 as discuss\u00f5es sobre a altera\u00e7\u00e3o do Plano Diretor, durante um f\u00f3rum aberto \u00e0 sociedade que recebeu mais de 200 sugest\u00f5es de conselheiros e mun\u00edcipes. Em 2022, durante a Confer\u00eancia da Cidade, o debate culminou no parecer do Conselho que orientava as mudan\u00e7as no Plano para favorecer, sobretudo, a ocupa\u00e7\u00e3o do centro da cidade com o uso habitacional. \u201cAgora, em 2023, ao receber nova minuta de altera\u00e7\u00e3o do Plano Diretor, o Conselho buscar\u00e1 mais uma vez um debate t\u00e9cnico e produtivo, de modo que a cidade possa orientar seu crescimento para \u00e1reas j\u00e1 servidas por infraestrutura e que favore\u00e7am a mobilidade ativa\u201d, complementou o presidente do CMPT.<\/p>\n\n\n\n<p>O Conselho ter\u00e1 o tempo que for preciso para analisar a minuta e se manifestar. A partir de agora, novas sugest\u00f5es poder\u00e3o ser feitas apenas por meio do CMPT. A minuta de revis\u00e3o do Plano Diretor e as tabelas e mapa est\u00e3o dispon\u00edveis&nbsp;<a href=\"https:\/\/planodiretor.jundiai.sp.gov.br\/forum-de-avaliacao-do-plano-diretor-2021\/\" target=\"_blank\" rel=\"noreferrer noopener\">neste link<\/a>.<\/p>\n\n\n\n<p>Estavam presentes na reuni\u00e3o, realizada no Pa\u00e7o Municipal, na semana passada, 27 conselheiros e 10 ouvintes, dentre eles os vereadores Juninho Adilson e Edicarlos Vieira.<\/p>\n\n\n\n<p><strong><em>Fonte \/ Imagem: Prefeitura de Jundia\u00ed<\/em><\/strong><\/p>\n","protected":false},"excerpt":{"rendered":"<p>Nova minuta de revis\u00e3o do Plano Diretor ser\u00e1 analisada pelo Conselho Municipal de Pol\u00edtica Territorial<\/p>\n","protected":false},"author":30,"featured_media":111812,"comment_status":"closed","ping_status":"0","sticky":false,"template":"","format":"standard","meta":{"footnotes":""},"categories":[8356,1],"tags":[],"class_list":["post-111811","post","type-post","status-publish","format-standard","has-post-thumbnail","hentry","category-jundiai","category-noticias"],"_links":{"self":[{"href":"https:\/\/tvtecjundiai.com.br\/news\/wp-json\/wp\/v2\/posts\/111811","targetHints":{"allow":["GET"]}}],"collection":[{"href":"https:\/\/tvtecjundiai.com.br\/news\/wp-json\/wp\/v2\/posts"}],"about":[{"href":"https:\/\/tvtecjundiai.com.br\/news\/wp-json\/wp\/v2\/types\/post"}],"author":[{"embeddable":true,"href":"https:\/\/tvtecjundiai.com.br\/news\/wp-json\/wp\/v2\/users\/30"}],"replies":[{"embeddable":true,"href":"https:\/\/tvtecjundiai.com.br\/news\/wp-json\/wp\/v2\/comments?post=111811"}],"version-history":[{"count":1,"href":"https:\/\/tvtecjundiai.com.br\/news\/wp-json\/wp\/v2\/posts\/111811\/revisions"}],"predecessor-version":[{"id":111813,"href":"https:\/\/tvtecjundiai.com.br\/news\/wp-json\/wp\/v2\/posts\/111811\/revisions\/111813"}],"wp:featuredmedia":[{"embeddable":true,"href":"https:\/\/tvtecjundiai.com.br\/news\/wp-json\/wp\/v2\/media\/111812"}],"wp:attachment":[{"href":"https:\/\/tvtecjundiai.com.br\/news\/wp-json\/wp\/v2\/media?parent=111811"}],"wp:term":[{"taxonomy":"category","embeddable":true,"href":"https:\/\/tvtecjundiai.com.br\/news\/wp-json\/wp\/v2\/categories?post=111811"},{"taxonomy":"post_tag","embeddable":true,"href":"https:\/\/tvtecjundiai.com.br\/news\/wp-json\/wp\/v2\/tags?post=111811"}],"curies":[{"name":"wp","href":"https:\/\/api.w.org\/{rel}","templated":true}]}}