{"id":111823,"date":"2023-07-04T15:08:36","date_gmt":"2023-07-04T18:08:36","guid":{"rendered":"https:\/\/tvtecjundiai.com.br\/news\/?p=111823"},"modified":"2023-07-04T15:08:37","modified_gmt":"2023-07-04T18:08:37","slug":"jundiai-empreendedora-esta-com-mais-de-28-mil-vagas-de-emprego-disponiveis","status":"publish","type":"post","link":"https:\/\/tvtecjundiai.com.br\/news\/2023\/07\/04\/jundiai-empreendedora-esta-com-mais-de-28-mil-vagas-de-emprego-disponiveis\/","title":{"rendered":"Jundia\u00ed Empreendedora est\u00e1 com mais de 2,8 mil vagas de emprego dispon\u00edveis"},"content":{"rendered":"\n<p>Nesta ter\u00e7a-feira (4), o Portal Jundia\u00ed Empreendedora da Prefeitura de Jundia\u00ed est\u00e1 com 2.893 vagas de emprego dispon\u00edveis, inclusive oportunidades espec\u00edficas para pessoas com defici\u00eancia (PCD).<\/p>\n\n\n\n<p>As vagas s\u00e3o para cargos de auxiliares, ajudantes, t\u00e9cnicos, assistentes e analistas em diferentes empresas, como hipermercados, restaurantes, lojas e multinacionais.<\/p>\n\n\n<div class=\"wp-block-image\">\n<figure class=\"aligncenter size-large is-resized\"><img loading=\"lazy\" decoding=\"async\" src=\"https:\/\/tvtecjundiai.com.br\/news\/wp-content\/uploads\/sites\/2\/2023\/07\/jundiai-empreendedora_fm_-17-1200x800.jpg\" alt=\"\" class=\"wp-image-111824\" width=\"751\" height=\"501\" srcset=\"https:\/\/tvtecjundiai.com.br\/news\/wp-content\/uploads\/sites\/2\/2023\/07\/jundiai-empreendedora_fm_-17-1200x800.jpg 1200w, https:\/\/tvtecjundiai.com.br\/news\/wp-content\/uploads\/sites\/2\/2023\/07\/jundiai-empreendedora_fm_-17-300x200.jpg 300w, https:\/\/tvtecjundiai.com.br\/news\/wp-content\/uploads\/sites\/2\/2023\/07\/jundiai-empreendedora_fm_-17-768x512.jpg 768w, https:\/\/tvtecjundiai.com.br\/news\/wp-content\/uploads\/sites\/2\/2023\/07\/jundiai-empreendedora_fm_-17.jpg 1280w\" sizes=\"auto, (max-width: 751px) 100vw, 751px\" \/><\/figure>\n<\/div>\n\n\n<p><\/p>\n\n\n\n<p>Os interessados devem acessar o\u00a0<a href=\"https:\/\/web.jundiai.sp.gov.br\/PMJ\/emprega\/Vaga\">portal Jundia\u00ed Empreendedora<\/a>, que tem todas as informa\u00e7\u00f5es: cargo, nome da empresa, n\u00famero de vagas dispon\u00edveis e detalhes como hor\u00e1rio de trabalho e atividades da fun\u00e7\u00e3o. Basta se cadastrar e depois clicar em \u201cCandidatar-se\u201d.<\/p>\n\n\n\n<p>Quem n\u00e3o conseguir se cadastrar via portal e precisar de aux\u00edlio pode agendar atendimento no Espa\u00e7o Jundia\u00ed Empreendedora para fazer e cadastrar o curr\u00edculo pelo&nbsp;link&nbsp;<a href=\"https:\/\/negocios.jundiai.sp.gov.br\/espaco-jundiai-empreendedora\/\">https:\/\/negocios.jundiai.sp.gov.br\/espaco-jundiai-empreendedora\/<\/a>.<\/p>\n\n\n\n<p><strong><em>(Fonte: TVTEC Jundia\u00ed\/Imagem: Prefeitura de Jundia\u00ed)<\/em><\/strong><\/p>\n","protected":false},"excerpt":{"rendered":"<p>Oportunidades s\u00e3o para cargos de auxiliares, ajudantes, t\u00e9cnicos, assistentes e analistas<\/p>\n","protected":false},"author":30,"featured_media":111824,"comment_status":"closed","ping_status":"0","sticky":false,"template":"","format":"standard","meta":{"footnotes":""},"categories":[5038,8363,8356,1],"tags":[],"class_list":["post-111823","post","type-post","status-publish","format-standard","has-post-thumbnail","hentry","category-emprego","category-emprego-2","category-jundiai","category-noticias"],"_links":{"self":[{"href":"https:\/\/tvtecjundiai.com.br\/news\/wp-json\/wp\/v2\/posts\/111823","targetHints":{"allow":["GET"]}}],"collection":[{"href":"https:\/\/tvtecjundiai.com.br\/news\/wp-json\/wp\/v2\/posts"}],"about":[{"href":"https:\/\/tvtecjundiai.com.br\/news\/wp-json\/wp\/v2\/types\/post"}],"author":[{"embeddable":true,"href":"https:\/\/tvtecjundiai.com.br\/news\/wp-json\/wp\/v2\/users\/30"}],"replies":[{"embeddable":true,"href":"https:\/\/tvtecjundiai.com.br\/news\/wp-json\/wp\/v2\/comments?post=111823"}],"version-history":[{"count":1,"href":"https:\/\/tvtecjundiai.com.br\/news\/wp-json\/wp\/v2\/posts\/111823\/revisions"}],"predecessor-version":[{"id":111825,"href":"https:\/\/tvtecjundiai.com.br\/news\/wp-json\/wp\/v2\/posts\/111823\/revisions\/111825"}],"wp:featuredmedia":[{"embeddable":true,"href":"https:\/\/tvtecjundiai.com.br\/news\/wp-json\/wp\/v2\/media\/111824"}],"wp:attachment":[{"href":"https:\/\/tvtecjundiai.com.br\/news\/wp-json\/wp\/v2\/media?parent=111823"}],"wp:term":[{"taxonomy":"category","embeddable":true,"href":"https:\/\/tvtecjundiai.com.br\/news\/wp-json\/wp\/v2\/categories?post=111823"},{"taxonomy":"post_tag","embeddable":true,"href":"https:\/\/tvtecjundiai.com.br\/news\/wp-json\/wp\/v2\/tags?post=111823"}],"curies":[{"name":"wp","href":"https:\/\/api.w.org\/{rel}","templated":true}]}}