{"id":111838,"date":"2023-07-04T17:40:41","date_gmt":"2023-07-04T20:40:41","guid":{"rendered":"https:\/\/tvtecjundiai.com.br\/news\/?p=111838"},"modified":"2023-07-04T17:40:41","modified_gmt":"2023-07-04T20:40:41","slug":"criancas-do-comite-recebem-certificado-pela-participacao-no-maio-amarelo","status":"publish","type":"post","link":"https:\/\/tvtecjundiai.com.br\/news\/2023\/07\/04\/criancas-do-comite-recebem-certificado-pela-participacao-no-maio-amarelo\/","title":{"rendered":"Crian\u00e7as do Comit\u00ea recebem certificado pela participa\u00e7\u00e3o no Maio Amarelo"},"content":{"rendered":"\n<p>A uni\u00e3o de equipes da Prefeitura, for\u00e7as de seguran\u00e7a, empresas e, neste ano, dos integrantes do Comit\u00ea das Crian\u00e7as resultou em mais um trof\u00e9u de destaque para Jundia\u00ed pela programa\u00e7\u00e3o do Maio Amarelo. E, assim como o munic\u00edpio e demais parceiros receberam o reconhecimento pelas a\u00e7\u00f5es educativas, elas tamb\u00e9m ganharam o certificado de reconhecimento e agradecimento pela participa\u00e7\u00e3o, que foi entregue pelo gestor de Mobilidade e Transporte, Aloysio Queiroz, e o mascote Vaguinho, nesta ter\u00e7a-feira (04).<\/p>\n\n\n\n<p>\u201cDe tudo o que conduzimos, tivemos como resultado o trof\u00e9u. Mas, mais que isso, foram a\u00e7\u00f5es importantes para sensibilizar com mensagens de respeito e empatia para um tr\u00e2nsito tranquilo e seguro que as pessoas levaram para casa, e que esperamos que pratiquem no dia a dia. Quero agradecer as crian\u00e7as do Comit\u00ea, porque, com muita criatividade e simpatia, elas transmitiram mensagens de seguran\u00e7a e paz para motoristas, motociclistas e ciclistas que passaram pelas blitze na Avenida Nove de Julho\u201d, afirma Aloysio Queiroz.<\/p>\n\n\n<div class=\"wp-block-image\">\n<figure class=\"aligncenter size-full is-resized\"><img loading=\"lazy\" decoding=\"async\" src=\"https:\/\/tvtecjundiai.com.br\/news\/wp-content\/uploads\/sites\/2\/2023\/07\/comite_das_criancas_recebe_certificado_maio_amarelo-2-1183x960-1.jpg\" alt=\"\" class=\"wp-image-111839\" width=\"845\" height=\"685\" srcset=\"https:\/\/tvtecjundiai.com.br\/news\/wp-content\/uploads\/sites\/2\/2023\/07\/comite_das_criancas_recebe_certificado_maio_amarelo-2-1183x960-1.jpg 1183w, https:\/\/tvtecjundiai.com.br\/news\/wp-content\/uploads\/sites\/2\/2023\/07\/comite_das_criancas_recebe_certificado_maio_amarelo-2-1183x960-1-300x243.jpg 300w, https:\/\/tvtecjundiai.com.br\/news\/wp-content\/uploads\/sites\/2\/2023\/07\/comite_das_criancas_recebe_certificado_maio_amarelo-2-1183x960-1-768x623.jpg 768w\" sizes=\"auto, (max-width: 845px) 100vw, 845px\" \/><figcaption class=\"wp-element-caption\">Crian\u00e7as receberam certificado pelas mensagens de paz e seguran\u00e7a em blitz educativa no Maio Amarelo<\/figcaption><\/figure>\n<\/div>\n\n\n<p>As mais de 20 crian\u00e7as do Comit\u00ea que participaram das a\u00e7\u00f5es aos s\u00e1bados de manh\u00e3, no m\u00eas de maio, foram representadas pela Mariah, B\u00e1rbara, Enzo, Laura, Giovanni e pelo Lorenzo, que multiplicaram a import\u00e2ncia de se proteger e proteger as outras pessoas para valorizar as vidas nas ruas e avenidas, com aten\u00e7\u00e3o ao atravessar as vias, dirigir com cuidado, usar equipamentos de seguran\u00e7a e seguir as regras de tr\u00e2nsito.<\/p>\n\n\n\n<p>\u201cFalei para os motoristas que n\u00e3o podemos ficar com o celular na m\u00e3o quando estamos dirigindo. \u00c9 preciso obedecer aos sinais dos sem\u00e1foros tanto pedestres quanto motoristas, e todos precisam ter muito cuidado\u201d, comenta Laura Feliciani Lange.<\/p>\n\n\n<div class=\"wp-block-image\">\n<figure class=\"aligncenter size-large\"><img loading=\"lazy\" decoding=\"async\" width=\"1200\" height=\"848\" src=\"https:\/\/tvtecjundiai.com.br\/news\/wp-content\/uploads\/sites\/2\/2023\/07\/criancas-atuaram-em-blitz-educativa-maio-amarelo-1280x904-1-1200x848.jpg\" alt=\"\" class=\"wp-image-111840\" srcset=\"https:\/\/tvtecjundiai.com.br\/news\/wp-content\/uploads\/sites\/2\/2023\/07\/criancas-atuaram-em-blitz-educativa-maio-amarelo-1280x904-1-1200x848.jpg 1200w, https:\/\/tvtecjundiai.com.br\/news\/wp-content\/uploads\/sites\/2\/2023\/07\/criancas-atuaram-em-blitz-educativa-maio-amarelo-1280x904-1-300x212.jpg 300w, https:\/\/tvtecjundiai.com.br\/news\/wp-content\/uploads\/sites\/2\/2023\/07\/criancas-atuaram-em-blitz-educativa-maio-amarelo-1280x904-1-768x542.jpg 768w, https:\/\/tvtecjundiai.com.br\/news\/wp-content\/uploads\/sites\/2\/2023\/07\/criancas-atuaram-em-blitz-educativa-maio-amarelo-1280x904-1.jpg 1280w\" sizes=\"auto, (max-width: 1200px) 100vw, 1200px\" \/><figcaption class=\"wp-element-caption\">Comit\u00ea multiplicou import\u00e2ncia da prote\u00e7\u00e3o e cuidados para valorizar as vidas nas ruas e avenidas<\/figcaption><\/figure>\n<\/div>\n\n\n<p><strong>Maio Amarelo<\/strong><\/p>\n\n\n\n<p>A cerim\u00f4nia de destaques que premiou com trof\u00e9us entidades, empresas e&nbsp; Poder P\u00fablico nas esferas Federal, Estadual e Municipal de todo o Brasil foi realizada pelo Observat\u00f3rio Nacional de Seguran\u00e7a Vi\u00e1ria, no dia 27 de junho, e teve o objetivo de reconhecer e promover as a\u00e7\u00f5es realizadas e engajamento da sociedade.<\/p>\n\n\n\n<p>Jundia\u00ed que impactou positivamente mais de 470 mil pessoas, conquistou o reconhecimento pelo segundo ano consecutivo.<\/p>\n\n\n\n<p><em><strong>Fonte \/ Imagem: Prefeitura de Jundia\u00ed<\/strong><\/em><\/p>\n","protected":false},"excerpt":{"rendered":"<p>Comit\u00ea multiplicou import\u00e2ncia da prote\u00e7\u00e3o e cuidados para valorizar as vidas nas ruas e avenidas<\/p>\n","protected":false},"author":30,"featured_media":111839,"comment_status":"closed","ping_status":"0","sticky":false,"template":"","format":"standard","meta":{"footnotes":""},"categories":[8356,1,6151],"tags":[],"class_list":["post-111838","post","type-post","status-publish","format-standard","has-post-thumbnail","hentry","category-jundiai","category-noticias","category-transito"],"_links":{"self":[{"href":"https:\/\/tvtecjundiai.com.br\/news\/wp-json\/wp\/v2\/posts\/111838","targetHints":{"allow":["GET"]}}],"collection":[{"href":"https:\/\/tvtecjundiai.com.br\/news\/wp-json\/wp\/v2\/posts"}],"about":[{"href":"https:\/\/tvtecjundiai.com.br\/news\/wp-json\/wp\/v2\/types\/post"}],"author":[{"embeddable":true,"href":"https:\/\/tvtecjundiai.com.br\/news\/wp-json\/wp\/v2\/users\/30"}],"replies":[{"embeddable":true,"href":"https:\/\/tvtecjundiai.com.br\/news\/wp-json\/wp\/v2\/comments?post=111838"}],"version-history":[{"count":1,"href":"https:\/\/tvtecjundiai.com.br\/news\/wp-json\/wp\/v2\/posts\/111838\/revisions"}],"predecessor-version":[{"id":111841,"href":"https:\/\/tvtecjundiai.com.br\/news\/wp-json\/wp\/v2\/posts\/111838\/revisions\/111841"}],"wp:featuredmedia":[{"embeddable":true,"href":"https:\/\/tvtecjundiai.com.br\/news\/wp-json\/wp\/v2\/media\/111839"}],"wp:attachment":[{"href":"https:\/\/tvtecjundiai.com.br\/news\/wp-json\/wp\/v2\/media?parent=111838"}],"wp:term":[{"taxonomy":"category","embeddable":true,"href":"https:\/\/tvtecjundiai.com.br\/news\/wp-json\/wp\/v2\/categories?post=111838"},{"taxonomy":"post_tag","embeddable":true,"href":"https:\/\/tvtecjundiai.com.br\/news\/wp-json\/wp\/v2\/tags?post=111838"}],"curies":[{"name":"wp","href":"https:\/\/api.w.org\/{rel}","templated":true}]}}