{"id":111846,"date":"2023-07-05T10:46:01","date_gmt":"2023-07-05T13:46:01","guid":{"rendered":"https:\/\/tvtecjundiai.com.br\/news\/?p=111846"},"modified":"2023-07-05T10:46:22","modified_gmt":"2023-07-05T13:46:22","slug":"jundiai-tem-segundo-dia-de-muitas-medalhas-nos-jogos-regionais","status":"publish","type":"post","link":"https:\/\/tvtecjundiai.com.br\/news\/2023\/07\/05\/jundiai-tem-segundo-dia-de-muitas-medalhas-nos-jogos-regionais\/","title":{"rendered":"Jundia\u00ed tem segundo dia de muitas medalhas nos Jogos Regionais"},"content":{"rendered":"\n<p>O atletismo jundiaiense, formado por atletas da Unidade de Gest\u00e3o de Esportes e Lazer (UGEL) da Prefeitura de Jundia\u00ed, viveu mais um dia de muitas medalhas. Daniela Lavignatti, ganhadora da primeira medalha de ouro desta edi\u00e7\u00e3o dos Jogos Regionais, repetiu a dose nesta ter\u00e7a-feira (4), segundo dia de disputas, desta vez nos 10.000m. Alan Neves tamb\u00e9m foi ouro no salto em altura, al\u00e9m de Tauanne Mendes, nos 400m com barreiras, Andr\u00e9 Alberi, nos 10.000m, Priscila Quintino, nos 1.500m e Andr\u00e9 Alberi Santana, nos 1.500m, e revezamento 4x400m, com Gislaine Cristina de S\u00e1, Val\u00e9ria Bogot\u00e1, Amanda Vasconcelos e Tauannne Soares.<\/p>\n\n\n\n<p>As medalhas de prata vieram com Priscila Quintino, nos 10.000m, Maria Clara Mattos, no heptatlo, e Gislaine Cristina de S\u00e1, no lan\u00e7amento do dardo.<\/p>\n\n\n\n<p>J\u00e1 as de bronze foram de Thaylane Brand\u00e3o, no salto triplo, Val\u00e9ria Bogot\u00e1, nos 400m com barreiras, e Taissa Gabriela Santos Cunha, no lan\u00e7amento do dardo.<\/p>\n\n\n<div class=\"wp-block-image\">\n<figure class=\"aligncenter size-large is-resized\"><img loading=\"lazy\" decoding=\"async\" src=\"https:\/\/tvtecjundiai.com.br\/news\/wp-content\/uploads\/sites\/2\/2023\/07\/atletismo-medalha-720x960.jpg\" alt=\"\" class=\"wp-image-111847\" width=\"618\" height=\"824\" srcset=\"https:\/\/tvtecjundiai.com.br\/news\/wp-content\/uploads\/sites\/2\/2023\/07\/atletismo-medalha-720x960.jpg 720w, https:\/\/tvtecjundiai.com.br\/news\/wp-content\/uploads\/sites\/2\/2023\/07\/atletismo-medalha-300x400.jpg 300w, https:\/\/tvtecjundiai.com.br\/news\/wp-content\/uploads\/sites\/2\/2023\/07\/atletismo-medalha-768x1024.jpg 768w, https:\/\/tvtecjundiai.com.br\/news\/wp-content\/uploads\/sites\/2\/2023\/07\/atletismo-medalha.jpg 960w\" sizes=\"auto, (max-width: 618px) 100vw, 618px\" \/><figcaption class=\"wp-element-caption\">Tauanne e Valeria conquistaram medalha de ouro e bronze na prova dos 400 metros com barreira<\/figcaption><\/figure>\n<\/div>\n\n\n<p>Por equipes, Jundia\u00ed ficou em primeiro no feminino, seguido de Santana do Parna\u00edba e Sorocaba e em terceiro no masculino, atr\u00e1s de Sorocaba e Santana do Parna\u00edba.<\/p>\n\n\n\n<p><strong>Jud\u00f4<\/strong><\/p>\n\n\n\n<p>O jud\u00f4 do Time Jundia\u00ed encerrou sua participa\u00e7\u00e3o nos Jogos Regionais com um &nbsp;3\u00ba lugar geral na modalidade. O resultado veio na somat\u00f3ria da prata masculina com o 5\u00ba lugar no feminino na disputa por equipes.<\/p>\n\n\n\n<p>J\u00e1 os resultados individuais foram: Ouro \u2013 Alex Panchaud, 66 kg; \u00a0Marcos Seixas, 73 kg; \u00a0Ana Julia Franca, \u00a0+ 78 kg; Matheus da Paz, 81 kg. Prata \u2013 Luiz Eduardo do Carmo, + 100 kg; \u00a0Ana Julia Franca, absoluto feminino; 4\u2070 lugar (individual) \u2013 Giovana Fioresi, 78 kg; 5\u2070 lugar \u2013 Daniele Almeida \u2013 70 kg.<\/p>\n\n\n<div class=\"wp-block-image\">\n<figure class=\"aligncenter size-full is-resized\"><img loading=\"lazy\" decoding=\"async\" src=\"https:\/\/tvtecjundiai.com.br\/news\/wp-content\/uploads\/sites\/2\/2023\/07\/atletismo-medalha-2-1.jpg\" alt=\"\" class=\"wp-image-111848\" width=\"782\" height=\"587\" srcset=\"https:\/\/tvtecjundiai.com.br\/news\/wp-content\/uploads\/sites\/2\/2023\/07\/atletismo-medalha-2-1.jpg 1156w, https:\/\/tvtecjundiai.com.br\/news\/wp-content\/uploads\/sites\/2\/2023\/07\/atletismo-medalha-2-1-300x225.jpg 300w, https:\/\/tvtecjundiai.com.br\/news\/wp-content\/uploads\/sites\/2\/2023\/07\/atletismo-medalha-2-1-768x576.jpg 768w\" sizes=\"auto, (max-width: 782px) 100vw, 782px\" \/><figcaption class=\"wp-element-caption\">Equipe feminina fechou a competi\u00e7\u00e3o com o primeiro lugar no geral<\/figcaption><\/figure>\n<\/div>\n\n\n<p><strong>Basquete<\/strong><\/p>\n\n\n\n<p>O Time Jundia\u00ed de basquete masculino voltou a vencer com tranquilidade, desta vez contra Iper\u00f3, por 98&nbsp; a 6, e se classificou para a pr\u00f3xima fase. A equipe ainda cumpre um compromisso nesta primeira fase nesta quarta (5), contra Registro.<\/p>\n\n\n\n<p><strong>V\u00f4lei de praia<\/strong><\/p>\n\n\n\n<p>O v\u00f4lei de praia feminino de Jundia\u00ed venceu Boituva por 2 sets a 0 (parciais de 21\/17 e 21\/18), enquanto a dupla masculina foi superada por Iper\u00f3 por 2 a 0 (21\/8 e 21\/10).<\/p>\n\n\n<div class=\"wp-block-image\">\n<figure class=\"aligncenter size-large is-resized\"><img loading=\"lazy\" decoding=\"async\" src=\"https:\/\/tvtecjundiai.com.br\/news\/wp-content\/uploads\/sites\/2\/2023\/07\/judo-regionais-1280x960-1-1200x900.jpg\" alt=\"\" class=\"wp-image-111849\" width=\"768\" height=\"576\" srcset=\"https:\/\/tvtecjundiai.com.br\/news\/wp-content\/uploads\/sites\/2\/2023\/07\/judo-regionais-1280x960-1-1200x900.jpg 1200w, https:\/\/tvtecjundiai.com.br\/news\/wp-content\/uploads\/sites\/2\/2023\/07\/judo-regionais-1280x960-1-300x225.jpg 300w, https:\/\/tvtecjundiai.com.br\/news\/wp-content\/uploads\/sites\/2\/2023\/07\/judo-regionais-1280x960-1-768x576.jpg 768w, https:\/\/tvtecjundiai.com.br\/news\/wp-content\/uploads\/sites\/2\/2023\/07\/judo-regionais-1280x960-1.jpg 1280w\" sizes=\"auto, (max-width: 768px) 100vw, 768px\" \/><figcaption class=\"wp-element-caption\">A equipe masculina de jud\u00f4 terminou na segunda coloca\u00e7\u00e3o<\/figcaption><\/figure>\n<\/div>\n\n\n<p><strong>Futsal<\/strong><\/p>\n\n\n\n<p>O futsal masculino jundiaiense teve uma estreia bastante tranquila nos Jogos Regionais ao bater Pariquera A\u00e7u por 19 a 2. J\u00e1 o feminino foi derrotado por Itapevi por 7 a 5.<\/p>\n\n\n\n<p><strong><em>Fonte \/ Imagem: Prefeitura de Jundia\u00ed<\/em><\/strong><\/p>\n","protected":false},"excerpt":{"rendered":"<p>Equipe feminina fechou a competi\u00e7\u00e3o com o primeiro lugar no geral<\/p>\n","protected":false},"author":30,"featured_media":111848,"comment_status":"closed","ping_status":"0","sticky":false,"template":"","format":"standard","meta":{"footnotes":""},"categories":[2827,8356,1],"tags":[],"class_list":["post-111846","post","type-post","status-publish","format-standard","has-post-thumbnail","hentry","category-esportes-e-lazer","category-jundiai","category-noticias"],"_links":{"self":[{"href":"https:\/\/tvtecjundiai.com.br\/news\/wp-json\/wp\/v2\/posts\/111846","targetHints":{"allow":["GET"]}}],"collection":[{"href":"https:\/\/tvtecjundiai.com.br\/news\/wp-json\/wp\/v2\/posts"}],"about":[{"href":"https:\/\/tvtecjundiai.com.br\/news\/wp-json\/wp\/v2\/types\/post"}],"author":[{"embeddable":true,"href":"https:\/\/tvtecjundiai.com.br\/news\/wp-json\/wp\/v2\/users\/30"}],"replies":[{"embeddable":true,"href":"https:\/\/tvtecjundiai.com.br\/news\/wp-json\/wp\/v2\/comments?post=111846"}],"version-history":[{"count":2,"href":"https:\/\/tvtecjundiai.com.br\/news\/wp-json\/wp\/v2\/posts\/111846\/revisions"}],"predecessor-version":[{"id":111852,"href":"https:\/\/tvtecjundiai.com.br\/news\/wp-json\/wp\/v2\/posts\/111846\/revisions\/111852"}],"wp:featuredmedia":[{"embeddable":true,"href":"https:\/\/tvtecjundiai.com.br\/news\/wp-json\/wp\/v2\/media\/111848"}],"wp:attachment":[{"href":"https:\/\/tvtecjundiai.com.br\/news\/wp-json\/wp\/v2\/media?parent=111846"}],"wp:term":[{"taxonomy":"category","embeddable":true,"href":"https:\/\/tvtecjundiai.com.br\/news\/wp-json\/wp\/v2\/categories?post=111846"},{"taxonomy":"post_tag","embeddable":true,"href":"https:\/\/tvtecjundiai.com.br\/news\/wp-json\/wp\/v2\/tags?post=111846"}],"curies":[{"name":"wp","href":"https:\/\/api.w.org\/{rel}","templated":true}]}}