{"id":111856,"date":"2023-07-05T10:49:12","date_gmt":"2023-07-05T13:49:12","guid":{"rendered":"https:\/\/tvtecjundiai.com.br\/news\/?p=111856"},"modified":"2023-07-05T10:49:13","modified_gmt":"2023-07-05T13:49:13","slug":"procon-realiza-pesquisa-de-precos-de-medicamentos-em-jundiai","status":"publish","type":"post","link":"https:\/\/tvtecjundiai.com.br\/news\/2023\/07\/05\/procon-realiza-pesquisa-de-precos-de-medicamentos-em-jundiai\/","title":{"rendered":"Procon realiza pesquisa de pre\u00e7os de medicamentos em Jundia\u00ed"},"content":{"rendered":"\n<p>A Funda\u00e7\u00e3o Procon SP, em parceria com o Procon de Jundia\u00ed, realizou uma pesquisa comparativa de pre\u00e7os de medicamentos em 10 drogarias da cidade. O estudo, feito no m\u00eas de junho e divulgado nesta semana, contemplou 51 medicamentos \u2013 sendo 26 de refer\u00eancia e 25 gen\u00e9ricos. A pesquisa tem como objetivo informar o p\u00fablico sobre os pre\u00e7os aplicados no mercado.<\/p>\n\n\n\n<p>Entre os medicamentos de refer\u00eancia, a maior diferen\u00e7a de pre\u00e7o encontrada foi no Luftal (Bristol-Meyers), de 75 mg. A diferen\u00e7a foi de 73,19%, sendo o valor m\u00e9dio de R$ 29,18. J\u00e1 dentre os gen\u00e9ricos a maior diferen\u00e7a foi no Glibenclamida, de 5 mg \u2013 30 comprimidos. A diferen\u00e7a foi de 272%, sendo o pre\u00e7o m\u00e9dio R$ 6,59. Outro destaque \u00e9 que os medicamentos gen\u00e9ricos apresentam valores, em m\u00e9dia, 51,85% menores.<\/p>\n\n\n<div class=\"wp-block-image\">\n<figure class=\"aligncenter size-large\"><img loading=\"lazy\" decoding=\"async\" width=\"1200\" height=\"800\" src=\"https:\/\/tvtecjundiai.com.br\/news\/wp-content\/uploads\/sites\/2\/2023\/07\/medicamentos-1200x800.jpg\" alt=\"\" class=\"wp-image-111857\" srcset=\"https:\/\/tvtecjundiai.com.br\/news\/wp-content\/uploads\/sites\/2\/2023\/07\/medicamentos-1200x800.jpg 1200w, https:\/\/tvtecjundiai.com.br\/news\/wp-content\/uploads\/sites\/2\/2023\/07\/medicamentos-300x200.jpg 300w, https:\/\/tvtecjundiai.com.br\/news\/wp-content\/uploads\/sites\/2\/2023\/07\/medicamentos-768x512.jpg 768w, https:\/\/tvtecjundiai.com.br\/news\/wp-content\/uploads\/sites\/2\/2023\/07\/medicamentos.jpg 1280w\" sizes=\"auto, (max-width: 1200px) 100vw, 1200px\" \/><figcaption class=\"wp-element-caption\">Medicamentos gen\u00e9ricos apresentam pre\u00e7os, em m\u00e9dia, 51,85% menores<\/figcaption><\/figure>\n<\/div>\n\n\n<p>Vale ressaltar que h\u00e1 v\u00e1rios fatores determinantes para os pre\u00e7os aplicados no mercado farmac\u00eautico, como pol\u00edticas comerciais diferentes, rentabilidade da loja, condi\u00e7\u00f5es comerciais de compra, lojas franqueadas, entre outros.<\/p>\n\n\n\n<p>\u201cPara fazer a compra com o melhor pre\u00e7o o consumidor deve pesquisar e estar atento \u00e0s pr\u00e1ticas de cada farm\u00e1cia, como descontos provenientes de planos de sa\u00fade ou programas sociais do poder p\u00fablico e de fidelidade no estabelecimento. Importante tamb\u00e9m verificar os valores na lista de Pre\u00e7os M\u00e1ximos dos Medicamentos (PMC), dispon\u00edvel no site da Anvisa\u201d, afirma a chefe do Procon de Jundia\u00ed, Val\u00e9ria Tavares.<\/p>\n\n\n\n<p><strong><em>Fonte \/ Imagem: Prefeitura de Jundia\u00ed<\/em><\/strong><\/p>\n","protected":false},"excerpt":{"rendered":"<p>Medicamentos gen\u00e9ricos apresentam pre\u00e7os, em m\u00e9dia, 51,85% menores<\/p>\n","protected":false},"author":30,"featured_media":111857,"comment_status":"closed","ping_status":"0","sticky":false,"template":"","format":"standard","meta":{"footnotes":""},"categories":[8356,1],"tags":[],"class_list":["post-111856","post","type-post","status-publish","format-standard","has-post-thumbnail","hentry","category-jundiai","category-noticias"],"_links":{"self":[{"href":"https:\/\/tvtecjundiai.com.br\/news\/wp-json\/wp\/v2\/posts\/111856","targetHints":{"allow":["GET"]}}],"collection":[{"href":"https:\/\/tvtecjundiai.com.br\/news\/wp-json\/wp\/v2\/posts"}],"about":[{"href":"https:\/\/tvtecjundiai.com.br\/news\/wp-json\/wp\/v2\/types\/post"}],"author":[{"embeddable":true,"href":"https:\/\/tvtecjundiai.com.br\/news\/wp-json\/wp\/v2\/users\/30"}],"replies":[{"embeddable":true,"href":"https:\/\/tvtecjundiai.com.br\/news\/wp-json\/wp\/v2\/comments?post=111856"}],"version-history":[{"count":1,"href":"https:\/\/tvtecjundiai.com.br\/news\/wp-json\/wp\/v2\/posts\/111856\/revisions"}],"predecessor-version":[{"id":111858,"href":"https:\/\/tvtecjundiai.com.br\/news\/wp-json\/wp\/v2\/posts\/111856\/revisions\/111858"}],"wp:featuredmedia":[{"embeddable":true,"href":"https:\/\/tvtecjundiai.com.br\/news\/wp-json\/wp\/v2\/media\/111857"}],"wp:attachment":[{"href":"https:\/\/tvtecjundiai.com.br\/news\/wp-json\/wp\/v2\/media?parent=111856"}],"wp:term":[{"taxonomy":"category","embeddable":true,"href":"https:\/\/tvtecjundiai.com.br\/news\/wp-json\/wp\/v2\/categories?post=111856"},{"taxonomy":"post_tag","embeddable":true,"href":"https:\/\/tvtecjundiai.com.br\/news\/wp-json\/wp\/v2\/tags?post=111856"}],"curies":[{"name":"wp","href":"https:\/\/api.w.org\/{rel}","templated":true}]}}