{"id":111859,"date":"2023-07-05T11:28:50","date_gmt":"2023-07-05T14:28:50","guid":{"rendered":"https:\/\/tvtecjundiai.com.br\/news\/?p=111859"},"modified":"2023-07-05T11:28:51","modified_gmt":"2023-07-05T14:28:51","slug":"5a-festa-de-sao-bento-comeca-neste-fim-de-semana-em-jundiai","status":"publish","type":"post","link":"https:\/\/tvtecjundiai.com.br\/news\/2023\/07\/05\/5a-festa-de-sao-bento-comeca-neste-fim-de-semana-em-jundiai\/","title":{"rendered":"5\u00aa Festa de S\u00e3o Bento come\u00e7a neste fim de semana em Jundia\u00ed"},"content":{"rendered":"\n<p>De 8 a 11 de julho \u00e9 celebrada a 5\u00aa Festa de S\u00e3o Bento, do Mosteiro de S\u00e3o Bento, em Jundia\u00ed. O evento, realizado das 17h \u00e0s 22h no Largo de S\u00e3o Bento, 40, no Centro, tem entrada gratuita e muitas op\u00e7\u00f5es deliciosas no card\u00e1pio para os visitantes, como caldos, espetinhos, cachorro-quente, past\u00e9is, pipoca, canjica, bolo de S\u00e3o Bento, quent\u00e3o, chope e refrigerantes. <\/p>\n\n\n<div class=\"wp-block-image\">\n<figure class=\"aligncenter size-large is-resized\"><img decoding=\"async\" src=\"https:\/\/tvtecjundiai.com.br\/news\/wp-content\/uploads\/sites\/2\/2023\/07\/mosteiro-sao-bento-jundiai-edited.jpg\" alt=\"\" class=\"wp-image-111861\" width=\"679\" srcset=\"https:\/\/tvtecjundiai.com.br\/news\/wp-content\/uploads\/sites\/2\/2023\/07\/mosteiro-sao-bento-jundiai-edited.jpg 1280w, https:\/\/tvtecjundiai.com.br\/news\/wp-content\/uploads\/sites\/2\/2023\/07\/mosteiro-sao-bento-jundiai-edited-300x200.jpg 300w, https:\/\/tvtecjundiai.com.br\/news\/wp-content\/uploads\/sites\/2\/2023\/07\/mosteiro-sao-bento-jundiai-edited-1200x800.jpg 1200w, https:\/\/tvtecjundiai.com.br\/news\/wp-content\/uploads\/sites\/2\/2023\/07\/mosteiro-sao-bento-jundiai-edited-768x512.jpg 768w\" sizes=\"(max-width: 1280px) 100vw, 1280px\" \/><\/figure>\n<\/div>\n\n\n<p><\/p>\n\n\n\n<p>O Dia de S\u00e3o Bento, considerado o pai dos monges, \u00e9 celebrado em 11 de julho. Para marcar a data, ser\u00e1 realizado o Tr\u00edduo de S\u00e3o Bento, com missas nos quatro dias de festa. Veja os hor\u00e1rios:<\/p>\n\n\n\n<ul class=\"wp-block-list\">\n<li>S\u00e1bado, 8 de julho: missa \u00e0s 18h<\/li>\n\n\n\n<li>Domingo, 9 de julho: missa \u00e0s 18h<\/li>\n\n\n\n<li>Segunda-feira, 10 de julho: missa \u00e0s 19h<\/li>\n\n\n\n<li>Ter\u00e7a-feira, 11 de julho (Dia de S\u00e3o Bento): missa solene \u00e0s 19h<\/li>\n<\/ul>\n\n\n\n<p>Mais informa\u00e7\u00f5es podem ser obtidas pelo telefone (11) 4521-9295.<\/p>\n\n\n\n<p><em><strong>(Fonte: TVTEC Jundia\u00ed\/Imagem: Patricia Silva)<\/strong><\/em><\/p>\n","protected":false},"excerpt":{"rendered":"<p>Evento ser\u00e1 de 8 a 11 de julho, das 17h \u00e0s 22h, com entrada gratuita<\/p>\n","protected":false},"author":30,"featured_media":111861,"comment_status":"closed","ping_status":"0","sticky":false,"template":"","format":"standard","meta":{"footnotes":""},"categories":[6309,8356,1],"tags":[],"class_list":["post-111859","post","type-post","status-publish","format-standard","has-post-thumbnail","hentry","category-gastronomia","category-jundiai","category-noticias"],"_links":{"self":[{"href":"https:\/\/tvtecjundiai.com.br\/news\/wp-json\/wp\/v2\/posts\/111859","targetHints":{"allow":["GET"]}}],"collection":[{"href":"https:\/\/tvtecjundiai.com.br\/news\/wp-json\/wp\/v2\/posts"}],"about":[{"href":"https:\/\/tvtecjundiai.com.br\/news\/wp-json\/wp\/v2\/types\/post"}],"author":[{"embeddable":true,"href":"https:\/\/tvtecjundiai.com.br\/news\/wp-json\/wp\/v2\/users\/30"}],"replies":[{"embeddable":true,"href":"https:\/\/tvtecjundiai.com.br\/news\/wp-json\/wp\/v2\/comments?post=111859"}],"version-history":[{"count":1,"href":"https:\/\/tvtecjundiai.com.br\/news\/wp-json\/wp\/v2\/posts\/111859\/revisions"}],"predecessor-version":[{"id":111862,"href":"https:\/\/tvtecjundiai.com.br\/news\/wp-json\/wp\/v2\/posts\/111859\/revisions\/111862"}],"wp:featuredmedia":[{"embeddable":true,"href":"https:\/\/tvtecjundiai.com.br\/news\/wp-json\/wp\/v2\/media\/111861"}],"wp:attachment":[{"href":"https:\/\/tvtecjundiai.com.br\/news\/wp-json\/wp\/v2\/media?parent=111859"}],"wp:term":[{"taxonomy":"category","embeddable":true,"href":"https:\/\/tvtecjundiai.com.br\/news\/wp-json\/wp\/v2\/categories?post=111859"},{"taxonomy":"post_tag","embeddable":true,"href":"https:\/\/tvtecjundiai.com.br\/news\/wp-json\/wp\/v2\/tags?post=111859"}],"curies":[{"name":"wp","href":"https:\/\/api.w.org\/{rel}","templated":true}]}}