{"id":111874,"date":"2023-07-05T14:58:29","date_gmt":"2023-07-05T17:58:29","guid":{"rendered":"https:\/\/tvtecjundiai.com.br\/news\/?p=111874"},"modified":"2023-07-05T14:58:29","modified_gmt":"2023-07-05T17:58:29","slug":"empresa-faz-doacao-para-campanha-de-inverno-do-fundo-social","status":"publish","type":"post","link":"https:\/\/tvtecjundiai.com.br\/news\/2023\/07\/05\/empresa-faz-doacao-para-campanha-de-inverno-do-fundo-social\/","title":{"rendered":"Empresa faz doa\u00e7\u00e3o para Campanha de Inverno do Fundo Social"},"content":{"rendered":"\n<p>Na segunda etapa da Campanha de Inverno do Fundo Social de Solidariedade (FUNSS) de Jundia\u00ed, a empresa ISA CTEEP \u2013 Companhia de Transmiss\u00e3o de Energia El\u00e9trica Paulista, entregou, na ter\u00e7a-feira (04), itens adquiridos e doados em a\u00e7\u00e3o interna da empresa.<\/p>\n\n\n\n<p>Ao todo, 476 itens foram doados, cobertores, pares de meias, toucas novas al\u00e9m de cal\u00e7ados, pe\u00e7as diversas \u2013 adulto e infantil \u2013 e toalhas de banho, foram recebidas no Funss.<\/p>\n\n\n\n<p>\u201cA mobiliza\u00e7\u00e3o das empresas para a Campanha de Inverno de Jundia\u00ed \u00e9 grande e agradecemos o apoio dedicado. As fam\u00edlias apoiadas a partir de organiza\u00e7\u00f5es da cidade, agradecem\u201d, comenta a diretora Francine Picardi.<\/p>\n\n\n<div class=\"wp-block-image\">\n<figure class=\"aligncenter size-large is-resized\"><img loading=\"lazy\" decoding=\"async\" src=\"https:\/\/tvtecjundiai.com.br\/news\/wp-content\/uploads\/sites\/2\/2023\/07\/funss-isa2-1280x714-1-1200x669.jpeg\" alt=\"\" class=\"wp-image-111875\" width=\"731\" height=\"408\" srcset=\"https:\/\/tvtecjundiai.com.br\/news\/wp-content\/uploads\/sites\/2\/2023\/07\/funss-isa2-1280x714-1-1200x669.jpeg 1200w, https:\/\/tvtecjundiai.com.br\/news\/wp-content\/uploads\/sites\/2\/2023\/07\/funss-isa2-1280x714-1-300x167.jpeg 300w, https:\/\/tvtecjundiai.com.br\/news\/wp-content\/uploads\/sites\/2\/2023\/07\/funss-isa2-1280x714-1-768x428.jpeg 768w, https:\/\/tvtecjundiai.com.br\/news\/wp-content\/uploads\/sites\/2\/2023\/07\/funss-isa2-1280x714-1.jpeg 1280w\" sizes=\"auto, (max-width: 731px) 100vw, 731px\" \/><\/figure>\n<\/div>\n\n\n<p><strong><em>Fonte \/ Imagem: Prefeitura de Jundia\u00ed<\/em><\/strong><\/p>\n","protected":false},"excerpt":{"rendered":"<p>Ao todo, 476 itens foram doados, cobertores, pares de meias, toucas novas al\u00e9m de cal\u00e7ados e pe\u00e7as diversas <\/p>\n","protected":false},"author":30,"featured_media":111875,"comment_status":"closed","ping_status":"0","sticky":false,"template":"","format":"standard","meta":{"footnotes":""},"categories":[8356,1],"tags":[],"class_list":["post-111874","post","type-post","status-publish","format-standard","has-post-thumbnail","hentry","category-jundiai","category-noticias"],"_links":{"self":[{"href":"https:\/\/tvtecjundiai.com.br\/news\/wp-json\/wp\/v2\/posts\/111874","targetHints":{"allow":["GET"]}}],"collection":[{"href":"https:\/\/tvtecjundiai.com.br\/news\/wp-json\/wp\/v2\/posts"}],"about":[{"href":"https:\/\/tvtecjundiai.com.br\/news\/wp-json\/wp\/v2\/types\/post"}],"author":[{"embeddable":true,"href":"https:\/\/tvtecjundiai.com.br\/news\/wp-json\/wp\/v2\/users\/30"}],"replies":[{"embeddable":true,"href":"https:\/\/tvtecjundiai.com.br\/news\/wp-json\/wp\/v2\/comments?post=111874"}],"version-history":[{"count":1,"href":"https:\/\/tvtecjundiai.com.br\/news\/wp-json\/wp\/v2\/posts\/111874\/revisions"}],"predecessor-version":[{"id":111877,"href":"https:\/\/tvtecjundiai.com.br\/news\/wp-json\/wp\/v2\/posts\/111874\/revisions\/111877"}],"wp:featuredmedia":[{"embeddable":true,"href":"https:\/\/tvtecjundiai.com.br\/news\/wp-json\/wp\/v2\/media\/111875"}],"wp:attachment":[{"href":"https:\/\/tvtecjundiai.com.br\/news\/wp-json\/wp\/v2\/media?parent=111874"}],"wp:term":[{"taxonomy":"category","embeddable":true,"href":"https:\/\/tvtecjundiai.com.br\/news\/wp-json\/wp\/v2\/categories?post=111874"},{"taxonomy":"post_tag","embeddable":true,"href":"https:\/\/tvtecjundiai.com.br\/news\/wp-json\/wp\/v2\/tags?post=111874"}],"curies":[{"name":"wp","href":"https:\/\/api.w.org\/{rel}","templated":true}]}}