{"id":111876,"date":"2023-07-05T15:11:10","date_gmt":"2023-07-05T18:11:10","guid":{"rendered":"https:\/\/tvtecjundiai.com.br\/news\/?p=111876"},"modified":"2023-07-05T15:11:10","modified_gmt":"2023-07-05T18:11:10","slug":"atacadao-esta-com-vagas-de-emprego-abertas-em-jundiai-3","status":"publish","type":"post","link":"https:\/\/tvtecjundiai.com.br\/news\/2023\/07\/05\/atacadao-esta-com-vagas-de-emprego-abertas-em-jundiai-3\/","title":{"rendered":"Atacad\u00e3o est\u00e1 com vagas de emprego abertas em Jundia\u00ed"},"content":{"rendered":"\n<p>A rede Atacad\u00e3o S\/A, que tem mais de 250 lojas e 60.000 colaboradores em todo o Brasil, est\u00e1 com vagas de emprego abertas em Jundia\u00ed. As oportunidades s\u00e3o para repositor de mercadorias, vendedor em com\u00e9rcio atacadista, fiscal de preven\u00e7\u00e3o de perdas e controlador de acesso.<\/p>\n\n\n\n<p>Os interessados podem se inscrever de maneira on-line pelo\u00a0<a href=\"https:\/\/web.jundiai.sp.gov.br\/PMJ\/emprega\/Vaga#\">portal Jundia\u00ed Empreendedora<\/a>, da Prefeitura de Jundia\u00ed.<\/p>\n\n\n<div class=\"wp-block-image\">\n<figure class=\"aligncenter size-full is-resized\"><img loading=\"lazy\" decoding=\"async\" src=\"https:\/\/tvtecjundiai.com.br\/news\/wp-content\/uploads\/sites\/2\/2022\/12\/Loja-do-Grupo-Atacadao-Fonte-Mercado-e-Consumo-768x494-1.jpg\" alt=\"\" class=\"wp-image-102891\" width=\"683\" height=\"439\" srcset=\"https:\/\/tvtecjundiai.com.br\/news\/wp-content\/uploads\/sites\/2\/2022\/12\/Loja-do-Grupo-Atacadao-Fonte-Mercado-e-Consumo-768x494-1.jpg 768w, https:\/\/tvtecjundiai.com.br\/news\/wp-content\/uploads\/sites\/2\/2022\/12\/Loja-do-Grupo-Atacadao-Fonte-Mercado-e-Consumo-768x494-1-300x193.jpg 300w\" sizes=\"auto, (max-width: 683px) 100vw, 683px\" \/><\/figure>\n<\/div>\n\n\n<p><\/p>\n\n\n\n<p><strong>VAGAS \u2013 ATACAD\u00c3O<\/strong><\/p>\n\n\n\n<ul class=\"wp-block-list\">\n<li>Repositor de mercadorias \u2013 5 vagas<\/li>\n\n\n\n<li>Vendedor em com\u00e9rcio atacadista \u2013 1 vaga<\/li>\n\n\n\n<li>Fiscal de preven\u00e7\u00e3o de perdas \u2013 1 vaga<\/li>\n\n\n\n<li>Controlador de acesso \u2013 1 vaga<\/li>\n<\/ul>\n\n\n\n<p><em><strong>(Fonte: TVTEC Jundia\u00ed\/Imagem: Divulga\u00e7\u00e3o\/Atacad\u00e3o)<\/strong><\/em><\/p>\n","protected":false},"excerpt":{"rendered":"<p>Os interessados podem se inscrever pelo portal Jundia\u00ed Empreendedora<\/p>\n","protected":false},"author":30,"featured_media":102891,"comment_status":"closed","ping_status":"0","sticky":false,"template":"","format":"standard","meta":{"footnotes":""},"categories":[5038,8363,8356,1],"tags":[],"class_list":["post-111876","post","type-post","status-publish","format-standard","has-post-thumbnail","hentry","category-emprego","category-emprego-2","category-jundiai","category-noticias"],"_links":{"self":[{"href":"https:\/\/tvtecjundiai.com.br\/news\/wp-json\/wp\/v2\/posts\/111876","targetHints":{"allow":["GET"]}}],"collection":[{"href":"https:\/\/tvtecjundiai.com.br\/news\/wp-json\/wp\/v2\/posts"}],"about":[{"href":"https:\/\/tvtecjundiai.com.br\/news\/wp-json\/wp\/v2\/types\/post"}],"author":[{"embeddable":true,"href":"https:\/\/tvtecjundiai.com.br\/news\/wp-json\/wp\/v2\/users\/30"}],"replies":[{"embeddable":true,"href":"https:\/\/tvtecjundiai.com.br\/news\/wp-json\/wp\/v2\/comments?post=111876"}],"version-history":[{"count":1,"href":"https:\/\/tvtecjundiai.com.br\/news\/wp-json\/wp\/v2\/posts\/111876\/revisions"}],"predecessor-version":[{"id":111878,"href":"https:\/\/tvtecjundiai.com.br\/news\/wp-json\/wp\/v2\/posts\/111876\/revisions\/111878"}],"wp:featuredmedia":[{"embeddable":true,"href":"https:\/\/tvtecjundiai.com.br\/news\/wp-json\/wp\/v2\/media\/102891"}],"wp:attachment":[{"href":"https:\/\/tvtecjundiai.com.br\/news\/wp-json\/wp\/v2\/media?parent=111876"}],"wp:term":[{"taxonomy":"category","embeddable":true,"href":"https:\/\/tvtecjundiai.com.br\/news\/wp-json\/wp\/v2\/categories?post=111876"},{"taxonomy":"post_tag","embeddable":true,"href":"https:\/\/tvtecjundiai.com.br\/news\/wp-json\/wp\/v2\/tags?post=111876"}],"curies":[{"name":"wp","href":"https:\/\/api.w.org\/{rel}","templated":true}]}}