{"id":111879,"date":"2023-07-05T17:50:21","date_gmt":"2023-07-05T20:50:21","guid":{"rendered":"https:\/\/tvtecjundiai.com.br\/news\/?p=111879"},"modified":"2023-07-05T17:50:22","modified_gmt":"2023-07-05T20:50:22","slug":"com-apoio-da-prefeitura-taca-das-favelas-vai-ter-1a-edicao-em-jundiai","status":"publish","type":"post","link":"https:\/\/tvtecjundiai.com.br\/news\/2023\/07\/05\/com-apoio-da-prefeitura-taca-das-favelas-vai-ter-1a-edicao-em-jundiai\/","title":{"rendered":"Com apoio da Prefeitura, Ta\u00e7a das Favelas vai ter 1\u00aa edi\u00e7\u00e3o em Jundia\u00ed"},"content":{"rendered":"\n<p>A Ta\u00e7a das Favelas Jundia\u00ed 2023 foi apresentada oficialmente na manh\u00e3 desta quarta-feira (5), no Pa\u00e7o Municipal, com a presen\u00e7a do prefeito Luiz Fernando Machado, de representantes da Central \u00danica das Favelas (Cufa) de Jundia\u00ed, da TV Tem (afiliada da Rede Globo na regi\u00e3o), vereadores e gestores municipais.<\/p>\n\n\n\n<p>\u00c9 a primeira vez que a cidade receber\u00e1 a edi\u00e7\u00e3o regional do maior torneio de futebol com times formados em bairros em situa\u00e7\u00e3o de vulnerabilidade social. A competi\u00e7\u00e3o re\u00fane anualmente mais de 100 mil jovens, entre homens e mulheres, em todo o Brasil.<\/p>\n\n\n\n<p>Desde sua primeira edi\u00e7\u00e3o, em 2012, a Cufa j\u00e1 contabiliza cerca de 500 jovens que ingressaram no futebol profissional atrav\u00e9s da Ta\u00e7a das Favelas, transformando a vida de muitas fam\u00edlias.<\/p>\n\n\n<div class=\"wp-block-image\">\n<figure class=\"aligncenter size-large is-resized\"><img loading=\"lazy\" decoding=\"async\" src=\"https:\/\/tvtecjundiai.com.br\/news\/wp-content\/uploads\/sites\/2\/2023\/07\/lancamento_taca_das_favelas_cufa_pa-27-1280x854-1-1200x801.jpg\" alt=\"\" class=\"wp-image-111880\" width=\"840\" height=\"560\" srcset=\"https:\/\/tvtecjundiai.com.br\/news\/wp-content\/uploads\/sites\/2\/2023\/07\/lancamento_taca_das_favelas_cufa_pa-27-1280x854-1-1200x801.jpg 1200w, https:\/\/tvtecjundiai.com.br\/news\/wp-content\/uploads\/sites\/2\/2023\/07\/lancamento_taca_das_favelas_cufa_pa-27-1280x854-1-300x200.jpg 300w, https:\/\/tvtecjundiai.com.br\/news\/wp-content\/uploads\/sites\/2\/2023\/07\/lancamento_taca_das_favelas_cufa_pa-27-1280x854-1-768x512.jpg 768w, https:\/\/tvtecjundiai.com.br\/news\/wp-content\/uploads\/sites\/2\/2023\/07\/lancamento_taca_das_favelas_cufa_pa-27-1280x854-1.jpg 1280w\" sizes=\"auto, (max-width: 840px) 100vw, 840px\" \/><figcaption class=\"wp-element-caption\">Em a\u00e7\u00e3o de lan\u00e7amento, no Pa\u00e7o Municipal, Prefeito Luiz Fernando troca passes com equipe da Cufa<\/figcaption><\/figure>\n<\/div>\n\n\n<p>\u201c\u00c9 uma felicidade muito grande Jundia\u00ed receber e potencializar um evento como esse. Acredito no esporte como agente transformador de vidas.\u00a0Muitas crian\u00e7as e jovens apenas aguardam uma oportunidade como essa para se tornarem exemplo para tantos outros. A Cufa realiza um trabalho essencial junto \u00e0s comunidades e n\u00f3s, como poder p\u00fablico, colaboramos para fazer com que os projetos de concretizem\u201d, disse o prefeito Luiz Fernando Machado.<\/p>\n\n\n\n<p>Eduardo Ramalho, o Festa, presidente da Cufa Jundia\u00ed, destacou tamb\u00e9m que o objetivo da competi\u00e7\u00e3o \u00e9 a promo\u00e7\u00e3o da inclus\u00e3o social atrav\u00e9s do esporte. \u201c\u00c9 uma oportunidade de promover a integra\u00e7\u00e3o das comunidades, a ressignifica\u00e7\u00e3o do territ\u00f3rio e o fortalecimento da autoestima da juventude das favelas\u201d, disse.<\/p>\n\n\n\n<p>Francine Romagnoli, diretora de programa\u00e7\u00e3o da TV Tem, anunciou a transmiss\u00e3o ao vivo da final, marcada para 26 de agosto, no CECE Rom\u00e3o de Souza, na Col\u00f4nia.<\/p>\n\n\n<div class=\"wp-block-image\">\n<figure class=\"aligncenter size-large\"><img loading=\"lazy\" decoding=\"async\" width=\"1200\" height=\"801\" src=\"https:\/\/tvtecjundiai.com.br\/news\/wp-content\/uploads\/sites\/2\/2023\/07\/lancamento_taca_das_favelas_cufa_pa-211-1280x854-1-1200x801.jpg\" alt=\"\" class=\"wp-image-111881\" srcset=\"https:\/\/tvtecjundiai.com.br\/news\/wp-content\/uploads\/sites\/2\/2023\/07\/lancamento_taca_das_favelas_cufa_pa-211-1280x854-1-1200x801.jpg 1200w, https:\/\/tvtecjundiai.com.br\/news\/wp-content\/uploads\/sites\/2\/2023\/07\/lancamento_taca_das_favelas_cufa_pa-211-1280x854-1-300x200.jpg 300w, https:\/\/tvtecjundiai.com.br\/news\/wp-content\/uploads\/sites\/2\/2023\/07\/lancamento_taca_das_favelas_cufa_pa-211-1280x854-1-768x512.jpg 768w, https:\/\/tvtecjundiai.com.br\/news\/wp-content\/uploads\/sites\/2\/2023\/07\/lancamento_taca_das_favelas_cufa_pa-211-1280x854-1.jpg 1280w\" sizes=\"auto, (max-width: 1200px) 100vw, 1200px\" \/><figcaption class=\"wp-element-caption\">Edi\u00e7\u00e3o da Ta\u00e7a das Favelas de Jundia\u00ed ter\u00e1 as inscri\u00e7\u00f5es abertas a partir de segunda-feira (10)<\/figcaption><\/figure>\n<\/div>\n\n\n<p>Estiveram presentes no evento o gestor de Governo e Finan\u00e7as, Jos\u00e9 Antonio Parimoschi, o gestor de Esportes e Lazer, Lu\u00eds Claudio Tarallo, o superintendente da Fumas, Jos\u00e9 Galv\u00e3o de Braga Campos (Tico), e ainda os vereadores Faouaz Taha, Dika Xique Xique, Romildo Antonio, Daniel Lemos, Madson Henrique e o presidente da C\u00e2mara, Antonio Carlos Albino.<\/p>\n\n\n\n<p>As inscri\u00e7\u00f5es para a competi\u00e7\u00e3o come\u00e7am nesta segunda-feira (10) e v\u00e3o at\u00e9 18 de julho, para nascidos entre 2006 e 2009 (masculino) e a partir de 2008 no feminino. As inscri\u00e7\u00f5es podem ser feitas no site da&nbsp;<a href=\"https:\/\/www.temmais.com\/\">TVTEM<\/a>.<\/p>\n\n\n\n<p><strong>ETAPAS TA\u00c7A DAS FAVELAS JUNDIA\u00cd 2023<\/strong><\/p>\n\n\n\n<p><strong>INSCRI\u00c7\u00c3O DAS FAVELAS:<\/strong>&nbsp; 10 a 18 DE JULHO<\/p>\n\n\n\n<p><strong>CONGRESSO I TECNICO FAVELAS:<\/strong>&nbsp;19 DE JULHO \u2013 QUARTA FEIRA<\/p>\n\n\n\n<p><strong>INSCRI\u00c7\u00c3O DOS ATLETAS:<\/strong>&nbsp; 21 A &nbsp;28 DE JULHO<\/p>\n\n\n\n<p><strong>DIPES (PENEIRAS):<\/strong>&nbsp;29 E 30 DE JULHO<\/p>\n\n\n\n<p><strong>CONGRESSO TECNICO II:<\/strong>&nbsp;1\u00ba AGOSTO \u2013 TER\u00c7A FEIRA<\/p>\n\n\n\n<p><strong>IN\u00cdCIO DOS JOGOS<\/strong><\/p>\n\n\n\n<p>05\/06 Agosto \u2013 Oitavas \u2013 MASC<\/p>\n\n\n\n<p>12\/13 Agosto \u2013 Quartas \u2013 MASC\/FEM<\/p>\n\n\n\n<p>19 Agosto \u2013 Semi MASC\/FEM<\/p>\n\n\n\n<p>26 Agosto \u2013 Final MASC\/FEM<\/p>\n\n\n\n<p><strong>LOCAL:<\/strong>&nbsp;SEDE DA TA\u00c7A &nbsp;\u2013 C.E.C.E. ROM\u00c3O DE SOUZA<\/p>\n\n\n\n<p>R. Lu\u00eds Benachio \u2013 Jardim Col\u00f4nia, Jundia\u00ed<\/p>\n\n\n\n<p><strong><em>Fonte \/ Imagem: Prefeitura de Jundia\u00ed<\/em><\/strong><\/p>\n","protected":false},"excerpt":{"rendered":"<p>Edi\u00e7\u00e3o da Ta\u00e7a das Favelas de Jundia\u00ed ter\u00e1 as inscri\u00e7\u00f5es abertas a partir de segunda-feira (10)<\/p>\n","protected":false},"author":30,"featured_media":111880,"comment_status":"closed","ping_status":"0","sticky":false,"template":"","format":"standard","meta":{"footnotes":""},"categories":[8356,1],"tags":[],"class_list":["post-111879","post","type-post","status-publish","format-standard","has-post-thumbnail","hentry","category-jundiai","category-noticias"],"_links":{"self":[{"href":"https:\/\/tvtecjundiai.com.br\/news\/wp-json\/wp\/v2\/posts\/111879","targetHints":{"allow":["GET"]}}],"collection":[{"href":"https:\/\/tvtecjundiai.com.br\/news\/wp-json\/wp\/v2\/posts"}],"about":[{"href":"https:\/\/tvtecjundiai.com.br\/news\/wp-json\/wp\/v2\/types\/post"}],"author":[{"embeddable":true,"href":"https:\/\/tvtecjundiai.com.br\/news\/wp-json\/wp\/v2\/users\/30"}],"replies":[{"embeddable":true,"href":"https:\/\/tvtecjundiai.com.br\/news\/wp-json\/wp\/v2\/comments?post=111879"}],"version-history":[{"count":1,"href":"https:\/\/tvtecjundiai.com.br\/news\/wp-json\/wp\/v2\/posts\/111879\/revisions"}],"predecessor-version":[{"id":111882,"href":"https:\/\/tvtecjundiai.com.br\/news\/wp-json\/wp\/v2\/posts\/111879\/revisions\/111882"}],"wp:featuredmedia":[{"embeddable":true,"href":"https:\/\/tvtecjundiai.com.br\/news\/wp-json\/wp\/v2\/media\/111880"}],"wp:attachment":[{"href":"https:\/\/tvtecjundiai.com.br\/news\/wp-json\/wp\/v2\/media?parent=111879"}],"wp:term":[{"taxonomy":"category","embeddable":true,"href":"https:\/\/tvtecjundiai.com.br\/news\/wp-json\/wp\/v2\/categories?post=111879"},{"taxonomy":"post_tag","embeddable":true,"href":"https:\/\/tvtecjundiai.com.br\/news\/wp-json\/wp\/v2\/tags?post=111879"}],"curies":[{"name":"wp","href":"https:\/\/api.w.org\/{rel}","templated":true}]}}