{"id":11190,"date":"2018-05-28T09:54:28","date_gmt":"2018-05-28T12:54:28","guid":{"rendered":"https:\/\/tvtecjundiai.com.br\/news\/?p=11190"},"modified":"2018-05-28T09:56:49","modified_gmt":"2018-05-28T12:56:49","slug":"reducao-do-preco-do-diesel-custara-r-95-bi-este-ano","status":"publish","type":"post","link":"https:\/\/tvtecjundiai.com.br\/news\/2018\/05\/28\/reducao-do-preco-do-diesel-custara-r-95-bi-este-ano\/","title":{"rendered":"Redu\u00e7\u00e3o do pre\u00e7o do diesel custar\u00e1 R$ 9,5 bi este ano"},"content":{"rendered":"<div id=\"attachment_11191\" style=\"width: 460px\" class=\"wp-caption alignleft\"><a href=\"https:\/\/tvtecjundiai.com.br\/news\/wp-content\/uploads\/sites\/2\/2018\/05\/1116260-antcrz_abr20180412_0840_1.jpg\"><img loading=\"lazy\" decoding=\"async\" aria-describedby=\"caption-attachment-11191\" class=\"wp-image-11191\" src=\"https:\/\/tvtecjundiai.com.br\/news\/wp-content\/uploads\/sites\/2\/2018\/05\/1116260-antcrz_abr20180412_0840_1-300x200.jpg\" alt=\"\" width=\"450\" height=\"300\" srcset=\"https:\/\/tvtecjundiai.com.br\/news\/wp-content\/uploads\/sites\/2\/2018\/05\/1116260-antcrz_abr20180412_0840_1-300x200.jpg 300w, https:\/\/tvtecjundiai.com.br\/news\/wp-content\/uploads\/sites\/2\/2018\/05\/1116260-antcrz_abr20180412_0840_1.jpg 680w\" sizes=\"auto, (max-width: 450px) 100vw, 450px\" \/><\/a><p id=\"caption-attachment-11191\" class=\"wp-caption-text\">Do total de R$ 0,46 de redu\u00e7\u00e3o, R$ 0,16 ser\u00e3o compensados com a reonera\u00e7\u00e3o da folha de pagamentos <em>(Antonio Cruz\/Ag\u00eancia Brasil)<\/em><\/p><\/div>\n<p>O custo da redu\u00e7\u00e3o do pre\u00e7o do diesel em R$ 0,46 por litro deve ficar em R$ 9,5 bilh\u00f5es este ano. A afirma\u00e7\u00e3o \u00e9 do ministro da Fazenda, Eduardo Guardia, em entrevista na manh\u00e3 desta segunda-feira (28) ao programa Bom Dia, Brasil, da TV Globo. Segundo ele, o governo chegou ao \u201climite\u201d do que pode conceder com a medida, feita de forma \u201crespons\u00e1vel\u201d.<\/p>\n<p>O presidente Michel Temer anunciou ontem (27) o congelamento por 60 dias da redu\u00e7\u00e3o do pre\u00e7o do diesel na bomba em R$ 0,46 por litro.<\/p>\n<p>Temer fez um pronunciamento\u00a0depois de um dia inteiro de negocia\u00e7\u00f5es no Pal\u00e1cio do Planalto. A t\u00edtulo de compara\u00e7\u00e3o, o presidente disse que o desconto equivale a zerar as al\u00edquotas da Cide (Contribui\u00e7\u00e3o de Interven\u00e7\u00e3o no Dom\u00ednio Econ\u00f4mico) e\u00a0 do PIS\/Cofins (Programa de Integra\u00e7\u00e3o Social\/Contribui\u00e7\u00e3o para o Financiamento da Seguridade Social). Os representantes dos caminhoneiros aut\u00f4nomos n\u00e3o aceitaram o congelamento do diesel por apenas 30 dias, como havia sido inicialmente proposto.<\/p>\n<p>Segundo o ministro, do total de R$ 0,46 de redu\u00e7\u00e3o, R$ 0,16 ser\u00e3o compensados com a reonera\u00e7\u00e3o da folha de pagamentos, que ainda precisa ser aprovada pelo Congresso Nacional. O restante, R$ 0,30, vir\u00e1 do or\u00e7amento da Uni\u00e3o. O ministro explicou que ser\u00e1 criado um programa de subven\u00e7\u00e3o para cobrir essa parte da redu\u00e7\u00e3o, por meio de edi\u00e7\u00e3o de uma medida provis\u00f3ria ainda hoje.<\/p>\n<p>O ministro explicou, ainda, que o governo vai usar a margem financeira de R$ 5,7 bilh\u00f5es para compensar o custo. Al\u00e9m disso, ser\u00e1 feito um corte de R$ 3,8 bilh\u00f5es no Or\u00e7amento. \u201cN\u00e3o temos espa\u00e7o para nenhuma compensa\u00e7\u00e3o adicional\u201d, disse Guardia.<\/p>\n<p>Para o ministro da Fazenda, esse tipo de subs\u00eddio (aux\u00edlio financeiro concedido pelo governo) \u00e9 transparente, diferentemente dos subs\u00eddios tribut\u00e1rios. \u201cO que me preocupa sempre \u00e9 a exist\u00eancia de subs\u00eddios que n\u00e3o passam pelo Or\u00e7amento geral da Uni\u00e3o\u201d, disse.<\/p>\n<p><strong>Redu\u00e7\u00e3o do pre\u00e7o do diesel esta semana<\/strong><\/p>\n<p>De acordo com Guardia, a redu\u00e7\u00e3o do pre\u00e7o do diesel na bomba ocorrer\u00e1 \u201cao longo desta semana\u201d. Guardia acrescentou que leva tempo para a situa\u00e7\u00e3o de abastecimento do pa\u00eds voltar ao normal. \u201cO governo vem dialogando com o movimento desde o in\u00edcio da semana passada. Leva um tempo para a normaliza\u00e7\u00e3o\u201d, argumentou.<\/p>\n<p><strong>Crescimento da economia<\/strong><\/p>\n<p>Para o ministro, \u201c\u00e9 cedo\u201d para rever estimativas de crescimento da economia. Ele destacou que a previs\u00e3o do governo de expans\u00e3o de 2,5% \u201c\u00e9 absolutamente consistente com a realidade atual\u201d e est\u00e1 pr\u00f3xima \u00e0 m\u00e9dia das estimativas do mercado financeiro.<\/p>\n<p><em><strong>Fonte: Ag\u00eancia Brasil<\/strong><\/em><\/p>\n","protected":false},"excerpt":{"rendered":"<p>Governo vai usar a margem financeira de R$ 5,7 bilh\u00f5es para compensar o custo<\/p>\n","protected":false},"author":10,"featured_media":11191,"comment_status":"closed","ping_status":"closed","sticky":false,"template":"","format":"standard","meta":{"footnotes":""},"categories":[2829],"tags":[1903,605,5,15],"class_list":["post-11190","post","type-post","status-publish","format-standard","has-post-thumbnail","hentry","category-economia","tag-brasil","tag-diesel","tag-jundiai","tag-tvtec"],"_links":{"self":[{"href":"https:\/\/tvtecjundiai.com.br\/news\/wp-json\/wp\/v2\/posts\/11190","targetHints":{"allow":["GET"]}}],"collection":[{"href":"https:\/\/tvtecjundiai.com.br\/news\/wp-json\/wp\/v2\/posts"}],"about":[{"href":"https:\/\/tvtecjundiai.com.br\/news\/wp-json\/wp\/v2\/types\/post"}],"author":[{"embeddable":true,"href":"https:\/\/tvtecjundiai.com.br\/news\/wp-json\/wp\/v2\/users\/10"}],"replies":[{"embeddable":true,"href":"https:\/\/tvtecjundiai.com.br\/news\/wp-json\/wp\/v2\/comments?post=11190"}],"version-history":[{"count":1,"href":"https:\/\/tvtecjundiai.com.br\/news\/wp-json\/wp\/v2\/posts\/11190\/revisions"}],"predecessor-version":[{"id":11192,"href":"https:\/\/tvtecjundiai.com.br\/news\/wp-json\/wp\/v2\/posts\/11190\/revisions\/11192"}],"wp:featuredmedia":[{"embeddable":true,"href":"https:\/\/tvtecjundiai.com.br\/news\/wp-json\/wp\/v2\/media\/11191"}],"wp:attachment":[{"href":"https:\/\/tvtecjundiai.com.br\/news\/wp-json\/wp\/v2\/media?parent=11190"}],"wp:term":[{"taxonomy":"category","embeddable":true,"href":"https:\/\/tvtecjundiai.com.br\/news\/wp-json\/wp\/v2\/categories?post=11190"},{"taxonomy":"post_tag","embeddable":true,"href":"https:\/\/tvtecjundiai.com.br\/news\/wp-json\/wp\/v2\/tags?post=11190"}],"curies":[{"name":"wp","href":"https:\/\/api.w.org\/{rel}","templated":true}]}}