{"id":111918,"date":"2023-07-06T10:49:25","date_gmt":"2023-07-06T13:49:25","guid":{"rendered":"https:\/\/tvtecjundiai.com.br\/news\/?p=111918"},"modified":"2023-07-06T10:55:56","modified_gmt":"2023-07-06T13:55:56","slug":"diretor-e-dramaturgo-ze-celso-martinez-morre-aos-86-anos","status":"publish","type":"post","link":"https:\/\/tvtecjundiai.com.br\/news\/2023\/07\/06\/diretor-e-dramaturgo-ze-celso-martinez-morre-aos-86-anos\/","title":{"rendered":"Diretor e dramaturgo Z\u00e9 Celso Martinez morre aos 86 anos"},"content":{"rendered":"\n<p>\u00cdcone das artes c\u00eanicas brasileiras, o dramaturgo, diretor, ator e encenador Jos\u00e9 Celso Martinez Corr\u00eaa morreu nesta quinta-feira (6), na capital paulista, aos 86 anos. A informa\u00e7\u00e3o foi confirmada pelo Teatro Oficina, companhia fundada por Z\u00e9 Celso em 1958.<\/p>\n\n\n\n<p>&#8220;Tudo \u00e9 tempo e contra-tempo! E o tempo \u00e9 eterno. Eu sou uma forma vitoriosa do tempo. Nossa f\u00eanix acaba de partir pra morada do sol. Amor de muito. Amor sempre&#8221;, postou o Teatro Oficina em sua conta no Instagram.<\/p>\n\n\n\n<blockquote class=\"wp-block-quote is-layout-flow wp-block-quote-is-layout-flow\"><div class=\"wp-block-image\">\n<figure class=\"aligncenter size-full is-resized\"><img loading=\"lazy\" decoding=\"async\" src=\"https:\/\/tvtecjundiai.com.br\/news\/wp-content\/uploads\/sites\/2\/2023\/07\/ze-celso-martinez.jpg\" alt=\"\" class=\"wp-image-111920\" width=\"724\" height=\"480\" srcset=\"https:\/\/tvtecjundiai.com.br\/news\/wp-content\/uploads\/sites\/2\/2023\/07\/ze-celso-martinez.jpg 993w, https:\/\/tvtecjundiai.com.br\/news\/wp-content\/uploads\/sites\/2\/2023\/07\/ze-celso-martinez-300x199.jpg 300w, https:\/\/tvtecjundiai.com.br\/news\/wp-content\/uploads\/sites\/2\/2023\/07\/ze-celso-martinez-768x510.jpg 768w\" sizes=\"auto, (max-width: 724px) 100vw, 724px\" \/><figcaption class=\"wp-element-caption\">Foto: Garapa &#8211; Coletivo Multim\u00eddia<\/figcaption><\/figure>\n<\/div>\n\n\n<p><\/p>\n\n\n\n<p>Z\u00e9 Celso, como era conhecido, tinha sido internado na ter\u00e7a-feira (4) na Unidade de Terapia Intensiva (UTI) do Hospital das Cl\u00ednicas ap\u00f3s um inc\u00eandio em seu apartamento, no Para\u00edso, Zona Sul de S\u00e3o Paulo. Ele teve 53% do corpo atingido por queimaduras, ficou sedado, entubado e com ventila\u00e7\u00e3o mec\u00e2nica.<\/p>\n\n\n\n<p>Al\u00e9m do dramaturgo, estavam no apartamento Marcelo Drummond, marido de Z\u00e9 Celso, Ricardo Bittencourt e Victor Rosa, al\u00e9m do cachorro Nag\u00f4. Os tr\u00eas, incluindo Nag\u00f4, ficaram em observa\u00e7\u00e3o por terem inalado muita fuma\u00e7a.<\/p>\n\n\n\n<p><strong><em>(Fonte: g1\/Imagem: Garapa &#8211; Coletivo Multim\u00eddia)<\/em><\/strong><\/p>\n<\/blockquote>\n","protected":false},"excerpt":{"rendered":"<p>Z\u00e9 Celso estava internado desde ter\u00e7a-feira (4) no Hospital das Cl\u00ednicas de S\u00e3o Paulo<\/p>\n","protected":false},"author":30,"featured_media":111920,"comment_status":"closed","ping_status":"0","sticky":false,"template":"","format":"standard","meta":{"footnotes":""},"categories":[2833,1],"tags":[],"class_list":["post-111918","post","type-post","status-publish","format-standard","has-post-thumbnail","hentry","category-cultura","category-noticias"],"_links":{"self":[{"href":"https:\/\/tvtecjundiai.com.br\/news\/wp-json\/wp\/v2\/posts\/111918","targetHints":{"allow":["GET"]}}],"collection":[{"href":"https:\/\/tvtecjundiai.com.br\/news\/wp-json\/wp\/v2\/posts"}],"about":[{"href":"https:\/\/tvtecjundiai.com.br\/news\/wp-json\/wp\/v2\/types\/post"}],"author":[{"embeddable":true,"href":"https:\/\/tvtecjundiai.com.br\/news\/wp-json\/wp\/v2\/users\/30"}],"replies":[{"embeddable":true,"href":"https:\/\/tvtecjundiai.com.br\/news\/wp-json\/wp\/v2\/comments?post=111918"}],"version-history":[{"count":2,"href":"https:\/\/tvtecjundiai.com.br\/news\/wp-json\/wp\/v2\/posts\/111918\/revisions"}],"predecessor-version":[{"id":111922,"href":"https:\/\/tvtecjundiai.com.br\/news\/wp-json\/wp\/v2\/posts\/111918\/revisions\/111922"}],"wp:featuredmedia":[{"embeddable":true,"href":"https:\/\/tvtecjundiai.com.br\/news\/wp-json\/wp\/v2\/media\/111920"}],"wp:attachment":[{"href":"https:\/\/tvtecjundiai.com.br\/news\/wp-json\/wp\/v2\/media?parent=111918"}],"wp:term":[{"taxonomy":"category","embeddable":true,"href":"https:\/\/tvtecjundiai.com.br\/news\/wp-json\/wp\/v2\/categories?post=111918"},{"taxonomy":"post_tag","embeddable":true,"href":"https:\/\/tvtecjundiai.com.br\/news\/wp-json\/wp\/v2\/tags?post=111918"}],"curies":[{"name":"wp","href":"https:\/\/api.w.org\/{rel}","templated":true}]}}