{"id":111923,"date":"2023-07-06T13:53:29","date_gmt":"2023-07-06T16:53:29","guid":{"rendered":"https:\/\/tvtecjundiai.com.br\/news\/?p=111923"},"modified":"2023-07-06T13:53:29","modified_gmt":"2023-07-06T16:53:29","slug":"com-atracoes-no-centro-comercio-de-jundiai-atende-ate-as-18h-no-sabado-8","status":"publish","type":"post","link":"https:\/\/tvtecjundiai.com.br\/news\/2023\/07\/06\/com-atracoes-no-centro-comercio-de-jundiai-atende-ate-as-18h-no-sabado-8\/","title":{"rendered":"Com atra\u00e7\u00f5es no Centro, com\u00e9rcio de Jundia\u00ed atende at\u00e9 as 18h no s\u00e1bado (8)"},"content":{"rendered":"\n<p>As lojas do Centro e dos bairros de Jundia\u00ed poder\u00e3o atender at\u00e9 as 18h\u00a0neste s\u00e1bado (8).\u00a0Para entreter os consumidores, a\u00a0Pra\u00e7a Marechal Floriano Peixoto (Pra\u00e7a do Coreto) ter\u00e1 uma programa\u00e7\u00e3o especial com passeios no trenzinho Expresso da Alegria e\u00a0Pra\u00e7a de Alimenta\u00e7\u00e3o com food trucks diversos.\u00a0A realiza\u00e7\u00e3o \u00e9 da C\u00e2mara de Dirigentes Lojistas (CDL) e do Sindicato do Com\u00e9rcio Varejista de Jundia\u00ed e Regi\u00e3o (Sincomercio).<\/p>\n\n\n\n<p>Al\u00e9m do funcionamento at\u00e9 as 18h, por ser o primeiro s\u00e1bado ap\u00f3s o quinto dia \u00fatil, a CDL e o Sincomercio realizar\u00e3o, das 10h \u00e0s 14h, passeios gratuitos no trenzinho Expresso da Alegria com embarque na Pra\u00e7a do Coreto e presen\u00e7a de personagens infantis. No local tamb\u00e9m ser\u00e1 montada uma Pra\u00e7a de Alimenta\u00e7\u00e3o com food trucks diversos.<\/p>\n\n\n\n<p>\u201cO hor\u00e1rio estendido \u00e9 uma boa oportunidade\u00a0para os consumidores fazerem\u00a0suas compras e para os lojistas apostarem nas vendas de artigos de inverno e para as f\u00e9rias. \u00c9 interessante diversificar formas de pagamento e oferecer descontos. Os s\u00e1bados de hor\u00e1rio estendido costumam elevam as vendas em at\u00e9 30%\u201d,\u00a0aponta\u00a0Edison Maltoni, presidente da CDL e do Sincomercio.<\/p>\n\n\n<div class=\"wp-block-image\">\n<figure class=\"aligncenter size-full is-resized\"><img loading=\"lazy\" decoding=\"async\" src=\"https:\/\/tvtecjundiai.com.br\/news\/wp-content\/uploads\/sites\/2\/2023\/06\/comercio-centro.jpeg\" alt=\"\" class=\"wp-image-110483\" width=\"712\" height=\"436\" srcset=\"https:\/\/tvtecjundiai.com.br\/news\/wp-content\/uploads\/sites\/2\/2023\/06\/comercio-centro.jpeg 865w, https:\/\/tvtecjundiai.com.br\/news\/wp-content\/uploads\/sites\/2\/2023\/06\/comercio-centro-300x184.jpeg 300w, https:\/\/tvtecjundiai.com.br\/news\/wp-content\/uploads\/sites\/2\/2023\/06\/comercio-centro-768x471.jpeg 768w\" sizes=\"auto, (max-width: 712px) 100vw, 712px\" \/><\/figure>\n<\/div>\n\n\n<p><\/p>\n\n\n\n<p><em><strong>(Fonte: Assessoria Sincomercio\/Imagem: Prefeitura de Jundia\u00ed)<\/strong><\/em><\/p>\n","protected":false},"excerpt":{"rendered":"<p>O dia conta com passeios no trenzinho Expresso da Alegria e Pra\u00e7a de Alimenta\u00e7\u00e3o<\/p>\n","protected":false},"author":30,"featured_media":110483,"comment_status":"closed","ping_status":"0","sticky":false,"template":"","format":"standard","meta":{"footnotes":""},"categories":[2834,8356,1],"tags":[],"class_list":["post-111923","post","type-post","status-publish","format-standard","has-post-thumbnail","hentry","category-cidades","category-jundiai","category-noticias"],"_links":{"self":[{"href":"https:\/\/tvtecjundiai.com.br\/news\/wp-json\/wp\/v2\/posts\/111923","targetHints":{"allow":["GET"]}}],"collection":[{"href":"https:\/\/tvtecjundiai.com.br\/news\/wp-json\/wp\/v2\/posts"}],"about":[{"href":"https:\/\/tvtecjundiai.com.br\/news\/wp-json\/wp\/v2\/types\/post"}],"author":[{"embeddable":true,"href":"https:\/\/tvtecjundiai.com.br\/news\/wp-json\/wp\/v2\/users\/30"}],"replies":[{"embeddable":true,"href":"https:\/\/tvtecjundiai.com.br\/news\/wp-json\/wp\/v2\/comments?post=111923"}],"version-history":[{"count":1,"href":"https:\/\/tvtecjundiai.com.br\/news\/wp-json\/wp\/v2\/posts\/111923\/revisions"}],"predecessor-version":[{"id":111925,"href":"https:\/\/tvtecjundiai.com.br\/news\/wp-json\/wp\/v2\/posts\/111923\/revisions\/111925"}],"wp:featuredmedia":[{"embeddable":true,"href":"https:\/\/tvtecjundiai.com.br\/news\/wp-json\/wp\/v2\/media\/110483"}],"wp:attachment":[{"href":"https:\/\/tvtecjundiai.com.br\/news\/wp-json\/wp\/v2\/media?parent=111923"}],"wp:term":[{"taxonomy":"category","embeddable":true,"href":"https:\/\/tvtecjundiai.com.br\/news\/wp-json\/wp\/v2\/categories?post=111923"},{"taxonomy":"post_tag","embeddable":true,"href":"https:\/\/tvtecjundiai.com.br\/news\/wp-json\/wp\/v2\/tags?post=111923"}],"curies":[{"name":"wp","href":"https:\/\/api.w.org\/{rel}","templated":true}]}}