{"id":111932,"date":"2023-07-06T15:14:37","date_gmt":"2023-07-06T18:14:37","guid":{"rendered":"https:\/\/tvtecjundiai.com.br\/news\/?p=111932"},"modified":"2023-07-06T15:14:50","modified_gmt":"2023-07-06T18:14:50","slug":"vacinacao-continua-no-jundiai-empreendedora-no-sabado-8","status":"publish","type":"post","link":"https:\/\/tvtecjundiai.com.br\/news\/2023\/07\/06\/vacinacao-continua-no-jundiai-empreendedora-no-sabado-8\/","title":{"rendered":"Vacina\u00e7\u00e3o continua no Espa\u00e7o Jundia\u00ed Empreendedora no s\u00e1bado (8)"},"content":{"rendered":"\n<p>Jundia\u00ed prossegue neste s\u00e1bado (8) com a campanha de multivacina\u00e7\u00e3o no Espa\u00e7o Jundia\u00ed Empreendedora, localizado no Maxi Shopping (Piso G3). Ser\u00e3o disponibilizadas as vacinas contra COVID-19 e Influenza (gripe) e as doses de rotina previstas no Calend\u00e1rio Nacional de Imuniza\u00e7\u00e3o para crian\u00e7as, adolescentes e a adultos. O atendimento ser\u00e1 das 11h \u00e0s 17h.<\/p>\n\n\n\n<p>Toda a popula\u00e7\u00e3o a partir dos seis meses de idade pode buscar a vacina contra gripe. Contra a COVID-19, seguem sendo aplicadas a vacina monovalente Pfizer para pessoas com 12 anos ou mais; a Pfizer Baby para crian\u00e7as com 6 meses a 4 anos (D1, D2 e D3); a Coronavac para crian\u00e7as a partir de tr\u00eas anos (D2); a Pfizer Pedi\u00e1trica para crian\u00e7as de 5 a 11 anos (D1, D2 e refor\u00e7o); e a Pfizer bivalente para o p\u00fablico a partir de 18 anos e que tenha recebido, no m\u00ednimo, duas doses da monovalente, sendo a \u00faltima dose h\u00e1, pelo menos, quatro meses.<\/p>\n\n\n\n<figure class=\"wp-block-image size-large\"><img loading=\"lazy\" decoding=\"async\" width=\"1200\" height=\"801\" src=\"https:\/\/tvtecjundiai.com.br\/news\/wp-content\/uploads\/sites\/2\/2023\/07\/vacinacao_espaco_jundiai_empreendedora-1280x854-1-1200x801.jpg\" alt=\"\" class=\"wp-image-111933\" srcset=\"https:\/\/tvtecjundiai.com.br\/news\/wp-content\/uploads\/sites\/2\/2023\/07\/vacinacao_espaco_jundiai_empreendedora-1280x854-1-1200x801.jpg 1200w, https:\/\/tvtecjundiai.com.br\/news\/wp-content\/uploads\/sites\/2\/2023\/07\/vacinacao_espaco_jundiai_empreendedora-1280x854-1-300x200.jpg 300w, https:\/\/tvtecjundiai.com.br\/news\/wp-content\/uploads\/sites\/2\/2023\/07\/vacinacao_espaco_jundiai_empreendedora-1280x854-1-768x512.jpg 768w, https:\/\/tvtecjundiai.com.br\/news\/wp-content\/uploads\/sites\/2\/2023\/07\/vacinacao_espaco_jundiai_empreendedora-1280x854-1.jpg 1280w\" sizes=\"auto, (max-width: 1200px) 100vw, 1200px\" \/><\/figure>\n\n\n\n<p><\/p>\n\n\n\n<p>\u00c9 necess\u00e1rio apresentar um documento de identidade e a caderneta de vacina\u00e7\u00e3o. No caso da vacina contra o coronav\u00edrus, quem n\u00e3o estiver com o comprovante pode informar no momento e ser\u00e1 emitido outro imediatamente.<\/p>\n\n\n\n<p>De acordo com o Minist\u00e9rio da Sa\u00fade, a vacina contra a Influenza pode ser aplicada junto a qualquer vacina da rotina e tamb\u00e9m com as doses contra a COVID-19.<\/p>\n\n\n\n<p><strong><em>(Fonte\/Imagem: Prefeitura de Jundia\u00ed)<\/em><\/strong><\/p>\n\n\n\n<p><\/p>\n","protected":false},"excerpt":{"rendered":"<p>O atendimento para crian\u00e7as e adultos ser\u00e1 das 11h \u00e0s 17h<\/p>\n","protected":false},"author":30,"featured_media":111933,"comment_status":"closed","ping_status":"0","sticky":false,"template":"","format":"standard","meta":{"footnotes":""},"categories":[8356,1,2839,8355],"tags":[],"class_list":["post-111932","post","type-post","status-publish","format-standard","has-post-thumbnail","hentry","category-jundiai","category-noticias","category-saude","category-saude-3"],"_links":{"self":[{"href":"https:\/\/tvtecjundiai.com.br\/news\/wp-json\/wp\/v2\/posts\/111932","targetHints":{"allow":["GET"]}}],"collection":[{"href":"https:\/\/tvtecjundiai.com.br\/news\/wp-json\/wp\/v2\/posts"}],"about":[{"href":"https:\/\/tvtecjundiai.com.br\/news\/wp-json\/wp\/v2\/types\/post"}],"author":[{"embeddable":true,"href":"https:\/\/tvtecjundiai.com.br\/news\/wp-json\/wp\/v2\/users\/30"}],"replies":[{"embeddable":true,"href":"https:\/\/tvtecjundiai.com.br\/news\/wp-json\/wp\/v2\/comments?post=111932"}],"version-history":[{"count":2,"href":"https:\/\/tvtecjundiai.com.br\/news\/wp-json\/wp\/v2\/posts\/111932\/revisions"}],"predecessor-version":[{"id":111935,"href":"https:\/\/tvtecjundiai.com.br\/news\/wp-json\/wp\/v2\/posts\/111932\/revisions\/111935"}],"wp:featuredmedia":[{"embeddable":true,"href":"https:\/\/tvtecjundiai.com.br\/news\/wp-json\/wp\/v2\/media\/111933"}],"wp:attachment":[{"href":"https:\/\/tvtecjundiai.com.br\/news\/wp-json\/wp\/v2\/media?parent=111932"}],"wp:term":[{"taxonomy":"category","embeddable":true,"href":"https:\/\/tvtecjundiai.com.br\/news\/wp-json\/wp\/v2\/categories?post=111932"},{"taxonomy":"post_tag","embeddable":true,"href":"https:\/\/tvtecjundiai.com.br\/news\/wp-json\/wp\/v2\/tags?post=111932"}],"curies":[{"name":"wp","href":"https:\/\/api.w.org\/{rel}","templated":true}]}}