{"id":111981,"date":"2023-07-07T10:52:57","date_gmt":"2023-07-07T13:52:57","guid":{"rendered":"https:\/\/tvtecjundiai.com.br\/news\/?p=111981"},"modified":"2023-07-07T10:52:57","modified_gmt":"2023-07-07T13:52:57","slug":"em-quatro-dias-de-regionais-jundiai-chega-a-65-medalhas","status":"publish","type":"post","link":"https:\/\/tvtecjundiai.com.br\/news\/2023\/07\/07\/em-quatro-dias-de-regionais-jundiai-chega-a-65-medalhas\/","title":{"rendered":"Em quatro dias de Regionais, Jundia\u00ed chega a 65 medalhas"},"content":{"rendered":"\n<p>Jundia\u00ed atingiu nesta quinta-feira (6), no quarto dia de disputas dos Jogos Regionais, a marca de 65 de medalhas. Capoeira, taekwondo e basquete feminino foram as modalidades respons\u00e1veis pelas medalhas do dia.<\/p>\n\n\n\n<p>Na capoeira, foram cinco medalhas no total. No masculino, Jundia\u00ed ficou em 1\u00ba lugar, com tr\u00eas ouros e uma 5\u00aa coloca\u00e7\u00e3o e o feminino garantiu o 2\u00ba lugar, com dois ouros e uma 4\u00aa coloca\u00e7\u00e3o. Os atletas foram: Geovana Santos (4\u00ba lugar), Beatriz Ang\u00e9lica (1\u00ba lugar), Glaucia La\u00eds (1\u00ba lugar), Weliton Santos (5\u00ba lugar), F\u00e1bio Henrique (1\u00ba lugar), Elvis Fernando (1\u00ba lugar), Gabriel Reis (1\u00ba lugar).<\/p>\n\n\n<div class=\"wp-block-image\">\n<figure class=\"aligncenter size-large\"><img loading=\"lazy\" decoding=\"async\" width=\"1200\" height=\"900\" src=\"https:\/\/tvtecjundiai.com.br\/news\/wp-content\/uploads\/sites\/2\/2023\/07\/regional2-1200x900.jpeg\" alt=\"\" class=\"wp-image-111982\" srcset=\"https:\/\/tvtecjundiai.com.br\/news\/wp-content\/uploads\/sites\/2\/2023\/07\/regional2-1200x900.jpeg 1200w, https:\/\/tvtecjundiai.com.br\/news\/wp-content\/uploads\/sites\/2\/2023\/07\/regional2-300x225.jpeg 300w, https:\/\/tvtecjundiai.com.br\/news\/wp-content\/uploads\/sites\/2\/2023\/07\/regional2-768x576.jpeg 768w, https:\/\/tvtecjundiai.com.br\/news\/wp-content\/uploads\/sites\/2\/2023\/07\/regional2.jpeg 1280w\" sizes=\"auto, (max-width: 1200px) 100vw, 1200px\" \/><figcaption class=\"wp-element-caption\">Jundia\u00ed acumula 65 medalhas<\/figcaption><\/figure>\n<\/div>\n\n\n<p>A comiss\u00e3o t\u00e9cnica foi formada pelos t\u00e9cnicos Carlos Alberto da Silva e Samuel Gustavo Ferreira.<br>No taekwondo, Jundia\u00ed conquistou o 2\u00ba lugar geral no masculino e tamb\u00e9m no feminino com o total de 13 medalhas, sendo seis ouros, quatro pratas e tr\u00eas bronzes. Os medalhistas foram: Beatriz Brolo Vitoriano (tr\u00eas ouros), Daniela Momesso (ouro), Leonardo Matenauer (ouro), Thiago do Nascimento Fradique (ouro), Giovane Matheus da Silva (prata), Kelly Anny Polessi Trindade (prata), S\u00e9rgio Ricatieri Filho (prata), Diego Lu\u00eds de Souza Silva (prata), Bianca Rocha dos Santos (bronze), Jason Mark de Assis (bronze) e Willian C\u00edcero dos Santos Afonso (bronze).<\/p>\n\n\n\n<p><strong>Dia de vit\u00f3rias<br><\/strong>O handebol feminino estreou com vit\u00f3ria sobre Porto Feliz em um jogo muito equilibrado e tenso, por apenas um gol de diferen\u00e7a: 23 a 22.<\/p>\n\n\n\n<p>Tamb\u00e9m estreante, a equipe de bocha bateu Boituva por 2 a 1 (parciais de 18\u00d70, 0x18 e 18\u00d70).<br>O futsal masculino conquistou mais uma vit\u00f3ria e carimbou vaga nas quartas de final. Dessa vez, goleando o Itaja\u00ed por 5 a 1. A equipe feminina venceu a segunda consecutiva e garantiu vaga na semifinal dos Regionais, vencendo Itu por 4 a 0.<\/p>\n\n\n<div class=\"wp-block-image\">\n<figure class=\"aligncenter size-large is-resized\"><img loading=\"lazy\" decoding=\"async\" src=\"https:\/\/tvtecjundiai.com.br\/news\/wp-content\/uploads\/sites\/2\/2023\/07\/regional4-1-1069x960.jpeg\" alt=\"\" class=\"wp-image-111984\" width=\"772\" height=\"693\" srcset=\"https:\/\/tvtecjundiai.com.br\/news\/wp-content\/uploads\/sites\/2\/2023\/07\/regional4-1-1069x960.jpeg 1069w, https:\/\/tvtecjundiai.com.br\/news\/wp-content\/uploads\/sites\/2\/2023\/07\/regional4-1-300x270.jpeg 300w, https:\/\/tvtecjundiai.com.br\/news\/wp-content\/uploads\/sites\/2\/2023\/07\/regional4-1-768x690.jpeg 768w, https:\/\/tvtecjundiai.com.br\/news\/wp-content\/uploads\/sites\/2\/2023\/07\/regional4-1.jpeg 1280w\" sizes=\"auto, (max-width: 772px) 100vw, 772px\" \/><figcaption class=\"wp-element-caption\">Bronze no feminino no Basquete<\/figcaption><\/figure>\n<\/div>\n\n\n<p><strong>Bronze no feminino<br><\/strong>O basquete feminino fechou a participa\u00e7\u00e3o na 3\u00aa coloca\u00e7\u00e3o ap\u00f3s vencer Salto de Pirapora por 36 a 13. Mesmo com uma equipe bastante jovem, formada por atletas de 15 e 16 anos numa categoria que permitia at\u00e9 21 anos, Jundia\u00ed manteve a tradi\u00e7\u00e3o e conquistou medalha, desta vez a de bronze.<\/p>\n\n\n\n<p><strong>Derrotas no v\u00f4lei de praia<br><\/strong>J\u00e1 o v\u00f4lei de praia feminino foi derrotado na semifinal por Iper\u00f3, por 2 a 0, e na disputa pela 3\u00aa coloca\u00e7\u00e3o, tamb\u00e9m por 2 a 0 contra o Cerquilho, terminando em 4\u00ba lugar na classifica\u00e7\u00e3o final.<\/p>\n\n\n<div class=\"wp-block-image\">\n<figure class=\"aligncenter size-large\"><img loading=\"lazy\" decoding=\"async\" width=\"1200\" height=\"900\" src=\"https:\/\/tvtecjundiai.com.br\/news\/wp-content\/uploads\/sites\/2\/2023\/07\/reional1-1280x960-2-1200x900.jpeg\" alt=\"\" class=\"wp-image-111986\" srcset=\"https:\/\/tvtecjundiai.com.br\/news\/wp-content\/uploads\/sites\/2\/2023\/07\/reional1-1280x960-2-1200x900.jpeg 1200w, https:\/\/tvtecjundiai.com.br\/news\/wp-content\/uploads\/sites\/2\/2023\/07\/reional1-1280x960-2-300x225.jpeg 300w, https:\/\/tvtecjundiai.com.br\/news\/wp-content\/uploads\/sites\/2\/2023\/07\/reional1-1280x960-2-768x576.jpeg 768w, https:\/\/tvtecjundiai.com.br\/news\/wp-content\/uploads\/sites\/2\/2023\/07\/reional1-1280x960-2.jpeg 1280w\" sizes=\"auto, (max-width: 1200px) 100vw, 1200px\" \/><figcaption class=\"wp-element-caption\">Gestor Luis Claudio Tarallo e adjunto Marcelo Nitsch visitaram o alojamento da equipe<\/figcaption><\/figure>\n<\/div>\n\n\n<p><strong>Presen\u00e7a do Gestor<br><\/strong>O gestor da Unidade de Gest\u00e3o de Esportes e Lazer (UGEL), Lu\u00eds Claudio Tarallo, e o gestor adjunto Marcelo Nitsch prestigiaram os atletas nas disputas desta quinta-feira (6). Tarallo e Nitsch tamb\u00e9m visitaram o alojamento da equipe, em Tiet\u00ea, e conversaram com t\u00e9cnicos e atletas.<\/p>\n\n\n\n<p><strong><em>Fonte \/ Imagem: Prefeitura de Jundia\u00ed<\/em><\/strong><\/p>\n","protected":false},"excerpt":{"rendered":"<p>Jundia\u00ed acumula 65 medalhas<\/p>\n","protected":false},"author":30,"featured_media":111983,"comment_status":"closed","ping_status":"0","sticky":false,"template":"","format":"standard","meta":{"footnotes":""},"categories":[2827,8356,1],"tags":[],"class_list":["post-111981","post","type-post","status-publish","format-standard","has-post-thumbnail","hentry","category-esportes-e-lazer","category-jundiai","category-noticias"],"_links":{"self":[{"href":"https:\/\/tvtecjundiai.com.br\/news\/wp-json\/wp\/v2\/posts\/111981","targetHints":{"allow":["GET"]}}],"collection":[{"href":"https:\/\/tvtecjundiai.com.br\/news\/wp-json\/wp\/v2\/posts"}],"about":[{"href":"https:\/\/tvtecjundiai.com.br\/news\/wp-json\/wp\/v2\/types\/post"}],"author":[{"embeddable":true,"href":"https:\/\/tvtecjundiai.com.br\/news\/wp-json\/wp\/v2\/users\/30"}],"replies":[{"embeddable":true,"href":"https:\/\/tvtecjundiai.com.br\/news\/wp-json\/wp\/v2\/comments?post=111981"}],"version-history":[{"count":1,"href":"https:\/\/tvtecjundiai.com.br\/news\/wp-json\/wp\/v2\/posts\/111981\/revisions"}],"predecessor-version":[{"id":111987,"href":"https:\/\/tvtecjundiai.com.br\/news\/wp-json\/wp\/v2\/posts\/111981\/revisions\/111987"}],"wp:featuredmedia":[{"embeddable":true,"href":"https:\/\/tvtecjundiai.com.br\/news\/wp-json\/wp\/v2\/media\/111983"}],"wp:attachment":[{"href":"https:\/\/tvtecjundiai.com.br\/news\/wp-json\/wp\/v2\/media?parent=111981"}],"wp:term":[{"taxonomy":"category","embeddable":true,"href":"https:\/\/tvtecjundiai.com.br\/news\/wp-json\/wp\/v2\/categories?post=111981"},{"taxonomy":"post_tag","embeddable":true,"href":"https:\/\/tvtecjundiai.com.br\/news\/wp-json\/wp\/v2\/tags?post=111981"}],"curies":[{"name":"wp","href":"https:\/\/api.w.org\/{rel}","templated":true}]}}