{"id":112049,"date":"2023-07-07T17:30:15","date_gmt":"2023-07-07T20:30:15","guid":{"rendered":"https:\/\/tvtecjundiai.com.br\/news\/?p=112049"},"modified":"2023-07-07T17:30:16","modified_gmt":"2023-07-07T20:30:16","slug":"complexo-viario-da-regiao-sul-e-liberado-para-trafego-sentido-centro","status":"publish","type":"post","link":"https:\/\/tvtecjundiai.com.br\/news\/2023\/07\/07\/complexo-viario-da-regiao-sul-e-liberado-para-trafego-sentido-centro\/","title":{"rendered":"Complexo Vi\u00e1rio da Regi\u00e3o Sul \u00e9 liberado para tr\u00e1fego sentido Centro"},"content":{"rendered":"\n<p>Parte das obras do Complexo Vi\u00e1rio da Regi\u00e3o Sul, de liga\u00e7\u00e3o entre Estrada Velha, Avenida Samuel Martins e 14 de Dezembro, foi liberada na manh\u00e3 desta sexta-feira (07). O fluxo de ve\u00edculos facilitar\u00e1 a movimenta\u00e7\u00e3o do tr\u00e2nsito entre a regi\u00e3o Sul e o Centro, bem como o acesso \u00e0 rodovia Anhanguera. Esta \u00e9 a primeira etapa da obra, que tem investimento de R$ 30 milh\u00f5es, sendo R$ 23 milh\u00f5es de repasse do Governo do Estado e R$ 7 milh\u00f5es de contrapartida do munic\u00edpio. O dispositivo \u00e9 a principal obra de mobilidade em andamento na cidade.<\/p>\n\n\n\n<p>O complexo \u2013 que contempla um viaduto, al\u00e7as e retornos para a interliga\u00e7\u00e3o da avenida 14 de Dezembro com a avenida Samuel Martins e Estrada Velha (Rodovia Presidente Tancredo Neves)- est\u00e1 com cerca de 50% da execu\u00e7\u00e3o conclu\u00edda. \u201cEsta \u00e9 a principal obra de mobilidade em andamento em Jundia\u00ed e, quando conclu\u00edda, desafogar\u00e1 o tr\u00e2nsito na regi\u00e3o e impactar\u00e1 positivamente em todo o vi\u00e1rio. A parceria com o Governo do Estado para essa e para a amplia\u00e7\u00e3o da Frederico Ozanan, que ser\u00e1 iniciada em breve, resulta em duas obras estruturantes que orientam o desenvolvimento da cidade\u201d, detalha o prefeito Luiz Fernando Machado.<\/p>\n\n\n<div class=\"wp-block-image\">\n<figure class=\"aligncenter size-large\"><img loading=\"lazy\" decoding=\"async\" width=\"1200\" height=\"843\" src=\"https:\/\/tvtecjundiai.com.br\/news\/wp-content\/uploads\/sites\/2\/2023\/07\/samuel-martins8-1280x899-1-1200x843.jpg\" alt=\"\" class=\"wp-image-112050\" srcset=\"https:\/\/tvtecjundiai.com.br\/news\/wp-content\/uploads\/sites\/2\/2023\/07\/samuel-martins8-1280x899-1-1200x843.jpg 1200w, https:\/\/tvtecjundiai.com.br\/news\/wp-content\/uploads\/sites\/2\/2023\/07\/samuel-martins8-1280x899-1-300x211.jpg 300w, https:\/\/tvtecjundiai.com.br\/news\/wp-content\/uploads\/sites\/2\/2023\/07\/samuel-martins8-1280x899-1-768x539.jpg 768w, https:\/\/tvtecjundiai.com.br\/news\/wp-content\/uploads\/sites\/2\/2023\/07\/samuel-martins8-1280x899-1.jpg 1280w\" sizes=\"auto, (max-width: 1200px) 100vw, 1200px\" \/><figcaption class=\"wp-element-caption\">Libera\u00e7\u00e3o de trecho de liga\u00e7\u00e3o com a Rodovia Tancredo Neves melhora a seguran\u00e7a vi\u00e1ria do local<\/figcaption><\/figure>\n<\/div>\n\n\n<p>Adanny Gatto Balbello, 19 anos, circula pelo trecho ao menos cinco vezes por semana e est\u00e1 satisfeita com a novidade. \u201cEu saio daqui e sigo para a regi\u00e3o do Santa Gertrudes. Com a libera\u00e7\u00e3o dessa al\u00e7a o tr\u00e2nsito ficou mais seguro e com melhor fluidez. \u00c9 mais seguran\u00e7a para n\u00f3s\u201d, comenta a moradora da regi\u00e3o do Jardim do Lago.<\/p>\n\n\n\n<p>Para o gestor de Infraestrutura e Servi\u00e7os P\u00fablicos (UGISP), Adilson Rosa, a entrega j\u00e1 garante benef\u00edcios para os motoristas. \u201cCom as novas al\u00e7as de acesso, tanto sentido Bairro-Centro, quanto Centro-Bairro, o tempo gasto pelos motoristas no tr\u00e2nsito local ser\u00e1 menor. Ainda \u00e9 essencial lembrar que o ponto garante maior seguran\u00e7a para os usu\u00e1rios\u201d, explica, lembrando que a a\u00e7\u00e3o \u00e9 prevista no Plano de Mobilidade Urbana.<\/p>\n\n\n<div class=\"wp-block-image\">\n<figure class=\"aligncenter size-large\"><img loading=\"lazy\" decoding=\"async\" width=\"1200\" height=\"675\" src=\"https:\/\/tvtecjundiai.com.br\/news\/wp-content\/uploads\/sites\/2\/2023\/07\/fotos-drone-00_11_00_26-quadro003-1-1280x720-1-1200x675.jpg\" alt=\"\" class=\"wp-image-112051\" srcset=\"https:\/\/tvtecjundiai.com.br\/news\/wp-content\/uploads\/sites\/2\/2023\/07\/fotos-drone-00_11_00_26-quadro003-1-1280x720-1-1200x675.jpg 1200w, https:\/\/tvtecjundiai.com.br\/news\/wp-content\/uploads\/sites\/2\/2023\/07\/fotos-drone-00_11_00_26-quadro003-1-1280x720-1-300x169.jpg 300w, https:\/\/tvtecjundiai.com.br\/news\/wp-content\/uploads\/sites\/2\/2023\/07\/fotos-drone-00_11_00_26-quadro003-1-1280x720-1-768x432.jpg 768w, https:\/\/tvtecjundiai.com.br\/news\/wp-content\/uploads\/sites\/2\/2023\/07\/fotos-drone-00_11_00_26-quadro003-1-1280x720-1.jpg 1280w\" sizes=\"auto, (max-width: 1200px) 100vw, 1200px\" \/><figcaption class=\"wp-element-caption\">Al\u00e7a \u00e9 a primeira etapa de obra vi\u00e1ria da regi\u00e3o sul<\/figcaption><\/figure>\n<\/div>\n\n\n<p><strong>Mais obras<\/strong><\/p>\n\n\n\n<p>Al\u00e9m da regi\u00e3o Sul, a Oeste tamb\u00e9m ganhar\u00e1, em breve, a constru\u00e7\u00e3o de um novo complexo vi\u00e1rio para a interliga\u00e7\u00e3o do Centro com as regi\u00f5es Norte e Oeste. \u201cSer\u00e3o investimentos na ordem de R$ 140 milh\u00f5es para a amplia\u00e7\u00e3o da Avenida Frederico Ozanam e constru\u00e7\u00e3o de quatro pontes, sendo uma estaiada e execu\u00e7\u00e3o de um novo t\u00fanel sob a rodovia Jo\u00e3o Cereser. Esse complexo vi\u00e1rio desafogar\u00e1 o tr\u00e2nsito e atender\u00e1 as necessidades da cidade para as pr\u00f3ximas d\u00e9cadas\u201d, adianta o gestor de Governo e Finan\u00e7as (UGGF), Jos\u00e9 Antonio Parimoshi.<\/p>\n\n\n\n<p><strong><em>Fonte \/ Imagem: Prefeitura de Jundia\u00ed<\/em><\/strong><\/p>\n","protected":false},"excerpt":{"rendered":"<p>Libera\u00e7\u00e3o de trecho de liga\u00e7\u00e3o com a Rodovia Tancredo Neves melhora a seguran\u00e7a vi\u00e1ria do local<\/p>\n","protected":false},"author":30,"featured_media":112050,"comment_status":"closed","ping_status":"0","sticky":false,"template":"","format":"standard","meta":{"footnotes":""},"categories":[8356,1],"tags":[],"class_list":["post-112049","post","type-post","status-publish","format-standard","has-post-thumbnail","hentry","category-jundiai","category-noticias"],"_links":{"self":[{"href":"https:\/\/tvtecjundiai.com.br\/news\/wp-json\/wp\/v2\/posts\/112049","targetHints":{"allow":["GET"]}}],"collection":[{"href":"https:\/\/tvtecjundiai.com.br\/news\/wp-json\/wp\/v2\/posts"}],"about":[{"href":"https:\/\/tvtecjundiai.com.br\/news\/wp-json\/wp\/v2\/types\/post"}],"author":[{"embeddable":true,"href":"https:\/\/tvtecjundiai.com.br\/news\/wp-json\/wp\/v2\/users\/30"}],"replies":[{"embeddable":true,"href":"https:\/\/tvtecjundiai.com.br\/news\/wp-json\/wp\/v2\/comments?post=112049"}],"version-history":[{"count":1,"href":"https:\/\/tvtecjundiai.com.br\/news\/wp-json\/wp\/v2\/posts\/112049\/revisions"}],"predecessor-version":[{"id":112052,"href":"https:\/\/tvtecjundiai.com.br\/news\/wp-json\/wp\/v2\/posts\/112049\/revisions\/112052"}],"wp:featuredmedia":[{"embeddable":true,"href":"https:\/\/tvtecjundiai.com.br\/news\/wp-json\/wp\/v2\/media\/112050"}],"wp:attachment":[{"href":"https:\/\/tvtecjundiai.com.br\/news\/wp-json\/wp\/v2\/media?parent=112049"}],"wp:term":[{"taxonomy":"category","embeddable":true,"href":"https:\/\/tvtecjundiai.com.br\/news\/wp-json\/wp\/v2\/categories?post=112049"},{"taxonomy":"post_tag","embeddable":true,"href":"https:\/\/tvtecjundiai.com.br\/news\/wp-json\/wp\/v2\/tags?post=112049"}],"curies":[{"name":"wp","href":"https:\/\/api.w.org\/{rel}","templated":true}]}}