{"id":112124,"date":"2023-07-10T11:10:42","date_gmt":"2023-07-10T14:10:42","guid":{"rendered":"https:\/\/tvtecjundiai.com.br\/news\/?p=112124"},"modified":"2023-07-10T11:10:43","modified_gmt":"2023-07-10T14:10:43","slug":"jundiai-recebe-grupo-intersetorial-de-louveira","status":"publish","type":"post","link":"https:\/\/tvtecjundiai.com.br\/news\/2023\/07\/10\/jundiai-recebe-grupo-intersetorial-de-louveira\/","title":{"rendered":"Jundia\u00ed recebe grupo intersetorial de Louveira"},"content":{"rendered":"\n<p>Na sexta-feira (07), Jundia\u00ed recebeu o grupo intersetorial de Louveira, composto por representantes das \u00e1reas de Obras, Esporte, Assist\u00eancia Social, Educa\u00e7\u00e3o, Sa\u00fade e Gest\u00e3o Ambiental.<\/p>\n\n\n\n<p>A comitiva foi recebida na F\u00e1brica das Inf\u00e2ncias Japy, equipamento da Cultura, onde foram compartilhados conceitos sobre Parque Naturalizado e \u00c1rea da Inf\u00e2ncia.<\/p>\n\n\n\n<p>\u201cEstamos com este grupo montado para compor nosso Plano Municipal de Inf\u00e2ncia e Adolesc\u00eancia. Houve a possibilidade desta visita para conhecer mais do trabalho realizado em Jundia\u00ed que \u00e9 uma refer\u00eancia\u201d, disse a articuladora municipal do programa Primeira inf\u00e2ncia, Gisele C\u00e2mara.<\/p>\n\n\n<div class=\"wp-block-image\">\n<figure class=\"aligncenter size-large is-resized\"><img loading=\"lazy\" decoding=\"async\" src=\"https:\/\/tvtecjundiai.com.br\/news\/wp-content\/uploads\/sites\/2\/2023\/07\/louveira-1-1200x743.jpeg\" alt=\"\" class=\"wp-image-112127\" width=\"714\" height=\"442\" srcset=\"https:\/\/tvtecjundiai.com.br\/news\/wp-content\/uploads\/sites\/2\/2023\/07\/louveira-1-1200x743.jpeg 1200w, https:\/\/tvtecjundiai.com.br\/news\/wp-content\/uploads\/sites\/2\/2023\/07\/louveira-1-300x186.jpeg 300w, https:\/\/tvtecjundiai.com.br\/news\/wp-content\/uploads\/sites\/2\/2023\/07\/louveira-1-768x475.jpeg 768w, https:\/\/tvtecjundiai.com.br\/news\/wp-content\/uploads\/sites\/2\/2023\/07\/louveira-1.jpeg 1280w\" sizes=\"auto, (max-width: 714px) 100vw, 714px\" \/><figcaption class=\"wp-element-caption\">Grupo conheceu equipamentos de Jundia\u00ed<\/figcaption><\/figure>\n<\/div>\n\n\n<p>Os visitantes tamb\u00e9m estiveram no CIEMPI e no Complexo Argos, onde receberam informa\u00e7\u00f5es sobre o Fab Lab, o AME e o Escola Inovadora, programas da Educa\u00e7\u00e3o. Ainda no Complexo, conheceram a Biblioteca Municipal e o Centro de Conviv\u00eancia Intergeracional.<\/p>\n\n\n\n<p>No per\u00edodo da tarde, o grupo visitou a Cl\u00ednica da Fam\u00edlia Hortol\u00e2ndia e o parque Mundo das Crian\u00e7as.<\/p>\n\n\n\n<p><strong><em>Fonte \/ Imagem: Prefeitura de Jundia\u00ed<\/em><\/strong><\/p>\n","protected":false},"excerpt":{"rendered":"<p>Grupo conheceu equipamentos de Jundia\u00ed<\/p>\n","protected":false},"author":30,"featured_media":112127,"comment_status":"closed","ping_status":"0","sticky":false,"template":"","format":"standard","meta":{"footnotes":""},"categories":[8356,1],"tags":[],"class_list":["post-112124","post","type-post","status-publish","format-standard","has-post-thumbnail","hentry","category-jundiai","category-noticias"],"_links":{"self":[{"href":"https:\/\/tvtecjundiai.com.br\/news\/wp-json\/wp\/v2\/posts\/112124","targetHints":{"allow":["GET"]}}],"collection":[{"href":"https:\/\/tvtecjundiai.com.br\/news\/wp-json\/wp\/v2\/posts"}],"about":[{"href":"https:\/\/tvtecjundiai.com.br\/news\/wp-json\/wp\/v2\/types\/post"}],"author":[{"embeddable":true,"href":"https:\/\/tvtecjundiai.com.br\/news\/wp-json\/wp\/v2\/users\/30"}],"replies":[{"embeddable":true,"href":"https:\/\/tvtecjundiai.com.br\/news\/wp-json\/wp\/v2\/comments?post=112124"}],"version-history":[{"count":1,"href":"https:\/\/tvtecjundiai.com.br\/news\/wp-json\/wp\/v2\/posts\/112124\/revisions"}],"predecessor-version":[{"id":112128,"href":"https:\/\/tvtecjundiai.com.br\/news\/wp-json\/wp\/v2\/posts\/112124\/revisions\/112128"}],"wp:featuredmedia":[{"embeddable":true,"href":"https:\/\/tvtecjundiai.com.br\/news\/wp-json\/wp\/v2\/media\/112127"}],"wp:attachment":[{"href":"https:\/\/tvtecjundiai.com.br\/news\/wp-json\/wp\/v2\/media?parent=112124"}],"wp:term":[{"taxonomy":"category","embeddable":true,"href":"https:\/\/tvtecjundiai.com.br\/news\/wp-json\/wp\/v2\/categories?post=112124"},{"taxonomy":"post_tag","embeddable":true,"href":"https:\/\/tvtecjundiai.com.br\/news\/wp-json\/wp\/v2\/tags?post=112124"}],"curies":[{"name":"wp","href":"https:\/\/api.w.org\/{rel}","templated":true}]}}