{"id":112129,"date":"2023-07-10T11:12:31","date_gmt":"2023-07-10T14:12:31","guid":{"rendered":"https:\/\/tvtecjundiai.com.br\/news\/?p=112129"},"modified":"2023-07-10T11:12:32","modified_gmt":"2023-07-10T14:12:32","slug":"integrantes-do-parlamento-jovem-visitam-espaco-jundiai-empreendedora","status":"publish","type":"post","link":"https:\/\/tvtecjundiai.com.br\/news\/2023\/07\/10\/integrantes-do-parlamento-jovem-visitam-espaco-jundiai-empreendedora\/","title":{"rendered":"Integrantes do Parlamento Jovem visitam espa\u00e7o Jundia\u00ed Empreendedora"},"content":{"rendered":"\n<p>A Unidade de Gest\u00e3o da Casa Civil (UGCC), por meio da Assessoria de Pol\u00edticas para a Juventude, promoveu, em parceria com a Unidade de Gest\u00e3o de Desenvolvimento Econ\u00f4mico, Ci\u00eancia e Tecnologia (UGDECT), uma visita de integrantes do Parlamento Jovem no Espa\u00e7o Jundia\u00ed Empreendedora. A visita \u00e9 uma das etapas da Constru\u00e7\u00e3o do Plano Municipal da Juventude.<\/p>\n\n\n\n<p>Os jovens foram recebidos pelo Diretor do Departamento de Ci\u00eancia e Tecnologia, J\u00falio Cesar Durante, e pelo Diretor do Departamento de Fomento ao Com\u00e9rcio e Servi\u00e7os, Enrico Milamonti. Eles apresentaram a estrutura do Jundia\u00ed Empreendedora, os servi\u00e7os oferecidos pelo espa\u00e7o, al\u00e9m de explicarem a import\u00e2ncia do est\u00edmulo do comportamento empreendedor na juventude.<\/p>\n\n\n<div class=\"wp-block-image\">\n<figure class=\"aligncenter size-large\"><img loading=\"lazy\" decoding=\"async\" width=\"1200\" height=\"900\" src=\"https:\/\/tvtecjundiai.com.br\/news\/wp-content\/uploads\/sites\/2\/2023\/07\/whatsapp-image-2023-07-07-at-16-46-51-1280x960-1-1200x900.jpeg\" alt=\"\" class=\"wp-image-112131\" srcset=\"https:\/\/tvtecjundiai.com.br\/news\/wp-content\/uploads\/sites\/2\/2023\/07\/whatsapp-image-2023-07-07-at-16-46-51-1280x960-1-1200x900.jpeg 1200w, https:\/\/tvtecjundiai.com.br\/news\/wp-content\/uploads\/sites\/2\/2023\/07\/whatsapp-image-2023-07-07-at-16-46-51-1280x960-1-300x225.jpeg 300w, https:\/\/tvtecjundiai.com.br\/news\/wp-content\/uploads\/sites\/2\/2023\/07\/whatsapp-image-2023-07-07-at-16-46-51-1280x960-1-768x576.jpeg 768w, https:\/\/tvtecjundiai.com.br\/news\/wp-content\/uploads\/sites\/2\/2023\/07\/whatsapp-image-2023-07-07-at-16-46-51-1280x960-1.jpeg 1280w\" sizes=\"auto, (max-width: 1200px) 100vw, 1200px\" \/><figcaption class=\"wp-element-caption\">Integrantes do Parlamento Jovem conversaram sobre a import\u00e2ncia do empreendedorismo<\/figcaption><\/figure>\n<\/div>\n\n\n<p>\u201cA empregabilidade e o empreendedorismo s\u00e3o temas relevantes para o desenvolvimento dos jovens. Muitos deles j\u00e1 fazem parte ou est\u00e3o pr\u00f3ximos de ingressar no mercado de trabalho. Por isso \u00e9 fundamental que eles conhe\u00e7am o espa\u00e7o e os servi\u00e7os oferecidos pelo Jundia\u00ed Empreendedora\u201d, afirma a Assessora de Pol\u00edticas para a Juventude, Let\u00edcia Atique Branco.<\/p>\n\n\n\n<p>Pelo Parlamento Jovem, estiveram presentes no encontro o Bruno Milan, Ca\u00edque de Souza Silva, Helo\u00edsa Santos de Oliveira, J\u00falia Helena Pazin e Eduardo Vieira. Ao final da reuni\u00e3o foi definido que J\u00falia, presidente da Comiss\u00e3o de Empreendedorismo, ir\u00e1 apresentar, junto de sua comiss\u00e3o, um projeto tem\u00e1tico aos diretores da UGDECT.<\/p>\n\n\n\n<p><strong><em>Fonte \/ Imagem: Prefeitura de Jundia\u00ed<\/em><\/strong><\/p>\n","protected":false},"excerpt":{"rendered":"<p>Integrantes do Parlamento Jovem conversaram sobre a import\u00e2ncia do empreendedorismo<\/p>\n","protected":false},"author":30,"featured_media":112131,"comment_status":"closed","ping_status":"0","sticky":false,"template":"","format":"standard","meta":{"footnotes":""},"categories":[8356,1],"tags":[],"class_list":["post-112129","post","type-post","status-publish","format-standard","has-post-thumbnail","hentry","category-jundiai","category-noticias"],"_links":{"self":[{"href":"https:\/\/tvtecjundiai.com.br\/news\/wp-json\/wp\/v2\/posts\/112129","targetHints":{"allow":["GET"]}}],"collection":[{"href":"https:\/\/tvtecjundiai.com.br\/news\/wp-json\/wp\/v2\/posts"}],"about":[{"href":"https:\/\/tvtecjundiai.com.br\/news\/wp-json\/wp\/v2\/types\/post"}],"author":[{"embeddable":true,"href":"https:\/\/tvtecjundiai.com.br\/news\/wp-json\/wp\/v2\/users\/30"}],"replies":[{"embeddable":true,"href":"https:\/\/tvtecjundiai.com.br\/news\/wp-json\/wp\/v2\/comments?post=112129"}],"version-history":[{"count":1,"href":"https:\/\/tvtecjundiai.com.br\/news\/wp-json\/wp\/v2\/posts\/112129\/revisions"}],"predecessor-version":[{"id":112132,"href":"https:\/\/tvtecjundiai.com.br\/news\/wp-json\/wp\/v2\/posts\/112129\/revisions\/112132"}],"wp:featuredmedia":[{"embeddable":true,"href":"https:\/\/tvtecjundiai.com.br\/news\/wp-json\/wp\/v2\/media\/112131"}],"wp:attachment":[{"href":"https:\/\/tvtecjundiai.com.br\/news\/wp-json\/wp\/v2\/media?parent=112129"}],"wp:term":[{"taxonomy":"category","embeddable":true,"href":"https:\/\/tvtecjundiai.com.br\/news\/wp-json\/wp\/v2\/categories?post=112129"},{"taxonomy":"post_tag","embeddable":true,"href":"https:\/\/tvtecjundiai.com.br\/news\/wp-json\/wp\/v2\/tags?post=112129"}],"curies":[{"name":"wp","href":"https:\/\/api.w.org\/{rel}","templated":true}]}}