{"id":112155,"date":"2023-07-11T09:37:43","date_gmt":"2023-07-11T12:37:43","guid":{"rendered":"https:\/\/tvtecjundiai.com.br\/news\/?p=112155"},"modified":"2023-07-11T09:37:44","modified_gmt":"2023-07-11T12:37:44","slug":"brasil-conquista-primeiro-ouro-no-mundial-de-atletismo-paralimpico","status":"publish","type":"post","link":"https:\/\/tvtecjundiai.com.br\/news\/2023\/07\/11\/brasil-conquista-primeiro-ouro-no-mundial-de-atletismo-paralimpico\/","title":{"rendered":"Brasil conquista primeiro ouro no Mundial de atletismo paral\u00edmpico"},"content":{"rendered":"\n<p>A delega\u00e7\u00e3o brasileira conquistou nesta segunda-feira (10) a primeira medalha de ouro na atual edi\u00e7\u00e3o do Mundial de atletismo paral\u00edmpico que est\u00e1 sendo disputado em Paris (Fran\u00e7a). A conquista veio com Ricardo Mendon\u00e7a na prova dos 100 metros da classe T37 (paralisados cerebrais), com o tempo de 11s21.<\/p>\n\n\n\n<p>&#8220;\u00c9 a realiza\u00e7\u00e3o de um sonho. Tudo o que eu vivi me trouxe at\u00e9 aqui agora. \u00c9 maravilhoso estar aqui. Ano passado, lesionei o joelho, pensei em desistir. Mas consegui. Agrade\u00e7o a todos que fizeram parte dessa hist\u00f3ria&#8221;, afirmou Ricardo, que foi seguido na prova por Saptoyogo Purnomo, da Indon\u00e9sia, e pelo tamb\u00e9m brasileiro Christian Gabriel, que ficou em terceiro.<\/p>\n\n\n<div class=\"wp-block-image\">\n<figure class=\"aligncenter size-full\"><img loading=\"lazy\" decoding=\"async\" width=\"1170\" height=\"700\" src=\"https:\/\/tvtecjundiai.com.br\/news\/wp-content\/uploads\/sites\/2\/2023\/07\/alexandre-schneider-cpb.jpg\" alt=\"\" class=\"wp-image-112156\" srcset=\"https:\/\/tvtecjundiai.com.br\/news\/wp-content\/uploads\/sites\/2\/2023\/07\/alexandre-schneider-cpb.jpg 1170w, https:\/\/tvtecjundiai.com.br\/news\/wp-content\/uploads\/sites\/2\/2023\/07\/alexandre-schneider-cpb-300x179.jpg 300w, https:\/\/tvtecjundiai.com.br\/news\/wp-content\/uploads\/sites\/2\/2023\/07\/alexandre-schneider-cpb-768x459.jpg 768w\" sizes=\"auto, (max-width: 1170px) 100vw, 1170px\" \/><figcaption class=\"wp-element-caption\">Foto: Alexandre Schneider\/CPB<\/figcaption><\/figure>\n<\/div>\n\n\n<p><\/p>\n\n\n\n<p>J\u00e1 nos 5.000 metros pela classe T11 (atletas cegos), o paulista J\u00falio C\u00e9sar Agripino garantiu a prata, com o tempo de 15min07s21, enquanto o campe\u00e3o paral\u00edmpico Yeltsin Jacques ficou com o bronze ao completar a dist\u00e2ncia em 15min12s37. O ouro ficou nas m\u00e3os do japon\u00eas Kenya Karasawa, que ultrapassou os dois brasileiros em um sprint final para completar a prova com o tempo de 15min05s19.<\/p>\n\n\n\n<p>\u201cFiquei um ano e pouco afastado das pistas por causa de uma les\u00e3o. Fiquei mal, n\u00e3o consegui treinar direito antes do Mundial, mas hoje voltamos no alto n\u00edvel. O Brasil demonstrou que tem atletas muito competitivos. Agrade\u00e7o \u00e0 minha fam\u00edlia e aos meus guias. Pretendo voltar melhor em Paris [Jogos Paral\u00edmpicos] no ano que vem\u201d, declarou Yeltsin.<\/p>\n\n\n\n<p><strong>Tr\u00eas p\u00f3dios no primeiro dia<\/strong><\/p>\n\n\n\n<p>O Mundial de atletismo come\u00e7ou a ser disputado no \u00faltimo domingo (9), oportunidade na qual o Brasil j\u00e1 garantiu tr\u00eas medalhas: uma prata com Lorena Spoladore, no salto em dist\u00e2ncia da classe T11 (para cegos), e dois bronzes, com Vinicius Quintino, na petra (T72), e com Wallace dos Santos, no arremesso de peso F55 (para cadeirantes).<\/p>\n\n\n\n<p><strong><em><img decoding=\"async\" src=\"https:\/\/agenciabrasil.ebc.com.br\/ebc.gif?id=1542988&amp;o=node\">(Fonte: Ag\u00eancia Brasil\/Imagem: Alexandre Schneider\/Comit\u00ea Paral\u00edmpico Brasileiro-CPB)<\/em><\/strong><\/p>\n","protected":false},"excerpt":{"rendered":"<p>A vit\u00f3ria veio com Ricardo Mendon\u00e7a na prova dos 100 metros da classe T37<\/p>\n","protected":false},"author":30,"featured_media":112156,"comment_status":"closed","ping_status":"0","sticky":false,"template":"","format":"standard","meta":{"footnotes":""},"categories":[2827,1],"tags":[],"class_list":["post-112155","post","type-post","status-publish","format-standard","has-post-thumbnail","hentry","category-esportes-e-lazer","category-noticias"],"_links":{"self":[{"href":"https:\/\/tvtecjundiai.com.br\/news\/wp-json\/wp\/v2\/posts\/112155","targetHints":{"allow":["GET"]}}],"collection":[{"href":"https:\/\/tvtecjundiai.com.br\/news\/wp-json\/wp\/v2\/posts"}],"about":[{"href":"https:\/\/tvtecjundiai.com.br\/news\/wp-json\/wp\/v2\/types\/post"}],"author":[{"embeddable":true,"href":"https:\/\/tvtecjundiai.com.br\/news\/wp-json\/wp\/v2\/users\/30"}],"replies":[{"embeddable":true,"href":"https:\/\/tvtecjundiai.com.br\/news\/wp-json\/wp\/v2\/comments?post=112155"}],"version-history":[{"count":1,"href":"https:\/\/tvtecjundiai.com.br\/news\/wp-json\/wp\/v2\/posts\/112155\/revisions"}],"predecessor-version":[{"id":112157,"href":"https:\/\/tvtecjundiai.com.br\/news\/wp-json\/wp\/v2\/posts\/112155\/revisions\/112157"}],"wp:featuredmedia":[{"embeddable":true,"href":"https:\/\/tvtecjundiai.com.br\/news\/wp-json\/wp\/v2\/media\/112156"}],"wp:attachment":[{"href":"https:\/\/tvtecjundiai.com.br\/news\/wp-json\/wp\/v2\/media?parent=112155"}],"wp:term":[{"taxonomy":"category","embeddable":true,"href":"https:\/\/tvtecjundiai.com.br\/news\/wp-json\/wp\/v2\/categories?post=112155"},{"taxonomy":"post_tag","embeddable":true,"href":"https:\/\/tvtecjundiai.com.br\/news\/wp-json\/wp\/v2\/tags?post=112155"}],"curies":[{"name":"wp","href":"https:\/\/api.w.org\/{rel}","templated":true}]}}