{"id":112161,"date":"2023-07-11T10:52:45","date_gmt":"2023-07-11T13:52:45","guid":{"rendered":"https:\/\/tvtecjundiai.com.br\/news\/?p=112161"},"modified":"2023-07-11T10:52:48","modified_gmt":"2023-07-11T13:52:48","slug":"lei-define-agosto-como-mes-da-primeira-infancia","status":"publish","type":"post","link":"https:\/\/tvtecjundiai.com.br\/news\/2023\/07\/11\/lei-define-agosto-como-mes-da-primeira-infancia\/","title":{"rendered":"Lei define agosto como M\u00eas da Primeira Inf\u00e2ncia"},"content":{"rendered":"\n<p>O m\u00eas de agosto passa, a partir de agora, a ser dedicado \u00e0s a\u00e7\u00f5es de conscientiza\u00e7\u00e3o sobre a import\u00e2ncia da aten\u00e7\u00e3o integral \u00e0s gestantes e \u00e0s crian\u00e7as de at\u00e9 6 anos. A\u00a0Lei n\u00ba 14.617, que institui o M\u00eas da Primeira Inf\u00e2ncia, foi sancionada e publicada no Di\u00e1rio Oficial da Uni\u00e3o nesta ter\u00e7a-feira (11).<img decoding=\"async\" src=\"https:\/\/agenciabrasil.ebc.com.br\/ebc.png?id=1543058&amp;o=node\"><img decoding=\"async\" src=\"https:\/\/agenciabrasil.ebc.com.br\/ebc.gif?id=1543058&amp;o=node\"><\/p>\n\n\n\n<p>Em 2021, o Brasil registrou cerca de 2,6 milh\u00f5es de nascimentos, segundo o IBGE. S\u00e3o crian\u00e7as que se somaram \u00e0s nascidas em anos anteriores e que completam as pouco mais de 20,6 milh\u00f5es que estavam na primeira inf\u00e2ncia naquele ano, segundo o DataSUS.<\/p>\n\n\n\n<figure class=\"wp-block-image size-large\"><img loading=\"lazy\" decoding=\"async\" width=\"1200\" height=\"800\" src=\"https:\/\/tvtecjundiai.com.br\/news\/wp-content\/uploads\/sites\/2\/2023\/07\/52766151237_ced119c236_o-1200x800.jpg\" alt=\"\" class=\"wp-image-112165\" srcset=\"https:\/\/tvtecjundiai.com.br\/news\/wp-content\/uploads\/sites\/2\/2023\/07\/52766151237_ced119c236_o-1200x800.jpg 1200w, https:\/\/tvtecjundiai.com.br\/news\/wp-content\/uploads\/sites\/2\/2023\/07\/52766151237_ced119c236_o-300x200.jpg 300w, https:\/\/tvtecjundiai.com.br\/news\/wp-content\/uploads\/sites\/2\/2023\/07\/52766151237_ced119c236_o-768x512.jpg 768w, https:\/\/tvtecjundiai.com.br\/news\/wp-content\/uploads\/sites\/2\/2023\/07\/52766151237_ced119c236_o.jpg 1280w\" sizes=\"auto, (max-width: 1200px) 100vw, 1200px\" \/><\/figure>\n\n\n\n<p><\/p>\n\n\n\n<p>\u00c9 para essa parcela da popula\u00e7\u00e3o que as a\u00e7\u00f5es no m\u00eas de agosto ser\u00e3o dedicadas, com iniciativas dos poderes Executivo, Legislativo e Judici\u00e1rio, al\u00e9m da sociedade civil organizada. S\u00e3o a\u00e7\u00f5es como oferta de atendimento integral e multiprofissional, promo\u00e7\u00e3o dos v\u00ednculos afetivos, da nutri\u00e7\u00e3o, imuniza\u00e7\u00e3o, direito de brincar e preven\u00e7\u00e3o de acidentes e doen\u00e7as.<\/p>\n\n\n\n<p>A nova lei tamb\u00e9m prev\u00ea um esfor\u00e7o das casas legislativas em votar e priorizar debates sobre mat\u00e9rias voltadas \u00e0s crian\u00e7as na primeira inf\u00e2ncia.<\/p>\n\n\n\n<figure class=\"wp-block-image size-large\"><img loading=\"lazy\" decoding=\"async\" width=\"1200\" height=\"800\" src=\"https:\/\/tvtecjundiai.com.br\/news\/wp-content\/uploads\/sites\/2\/2023\/07\/52767108835_da6b30ec74_o-1200x800.jpg\" alt=\"\" class=\"wp-image-112166\" srcset=\"https:\/\/tvtecjundiai.com.br\/news\/wp-content\/uploads\/sites\/2\/2023\/07\/52767108835_da6b30ec74_o-1200x800.jpg 1200w, https:\/\/tvtecjundiai.com.br\/news\/wp-content\/uploads\/sites\/2\/2023\/07\/52767108835_da6b30ec74_o-300x200.jpg 300w, https:\/\/tvtecjundiai.com.br\/news\/wp-content\/uploads\/sites\/2\/2023\/07\/52767108835_da6b30ec74_o-768x512.jpg 768w, https:\/\/tvtecjundiai.com.br\/news\/wp-content\/uploads\/sites\/2\/2023\/07\/52767108835_da6b30ec74_o.jpg 1280w\" sizes=\"auto, (max-width: 1200px) 100vw, 1200px\" \/><\/figure>\n\n\n\n<p><\/p>\n\n\n\n<p>No ano 2000, o economista James Heckman recebeu o Pr\u00eamio Nobel de Economia pelo estudo, que realiza com uma equipe multidisciplinar, sobre o impacto da qualidade do desenvolvimento na primeira inf\u00e2ncia nos resultados econ\u00f4micos, sociais e na sa\u00fade de uma sociedade.<\/p>\n\n\n\n<p>Essa import\u00e2ncia e as especificidades dessa fase da vida tamb\u00e9m dever\u00e3o ter ampla divulga\u00e7\u00e3o em todos os setores da sociedade, em especial nos \u00f3rg\u00e3os p\u00fablicos, meios de comunica\u00e7\u00e3o, setores empres\u00e1rias e acad\u00eamicos, define a nova lei.<\/p>\n\n\n\n<p><strong><em>(Fonte: Ag\u00eancia Brasil\/Imagens: Prefeitura de Jundia\u00ed)<\/em><\/strong><\/p>\n","protected":false},"excerpt":{"rendered":"<p>Lei n\u00ba 14.617 foi sancionada e publicada no Di\u00e1rio Oficial da Uni\u00e3o nesta ter\u00e7a-feira (11)<\/p>\n","protected":false},"author":30,"featured_media":112166,"comment_status":"closed","ping_status":"0","sticky":false,"template":"","format":"standard","meta":{"footnotes":""},"categories":[8356,1],"tags":[],"class_list":["post-112161","post","type-post","status-publish","format-standard","has-post-thumbnail","hentry","category-jundiai","category-noticias"],"_links":{"self":[{"href":"https:\/\/tvtecjundiai.com.br\/news\/wp-json\/wp\/v2\/posts\/112161","targetHints":{"allow":["GET"]}}],"collection":[{"href":"https:\/\/tvtecjundiai.com.br\/news\/wp-json\/wp\/v2\/posts"}],"about":[{"href":"https:\/\/tvtecjundiai.com.br\/news\/wp-json\/wp\/v2\/types\/post"}],"author":[{"embeddable":true,"href":"https:\/\/tvtecjundiai.com.br\/news\/wp-json\/wp\/v2\/users\/30"}],"replies":[{"embeddable":true,"href":"https:\/\/tvtecjundiai.com.br\/news\/wp-json\/wp\/v2\/comments?post=112161"}],"version-history":[{"count":1,"href":"https:\/\/tvtecjundiai.com.br\/news\/wp-json\/wp\/v2\/posts\/112161\/revisions"}],"predecessor-version":[{"id":112167,"href":"https:\/\/tvtecjundiai.com.br\/news\/wp-json\/wp\/v2\/posts\/112161\/revisions\/112167"}],"wp:featuredmedia":[{"embeddable":true,"href":"https:\/\/tvtecjundiai.com.br\/news\/wp-json\/wp\/v2\/media\/112166"}],"wp:attachment":[{"href":"https:\/\/tvtecjundiai.com.br\/news\/wp-json\/wp\/v2\/media?parent=112161"}],"wp:term":[{"taxonomy":"category","embeddable":true,"href":"https:\/\/tvtecjundiai.com.br\/news\/wp-json\/wp\/v2\/categories?post=112161"},{"taxonomy":"post_tag","embeddable":true,"href":"https:\/\/tvtecjundiai.com.br\/news\/wp-json\/wp\/v2\/tags?post=112161"}],"curies":[{"name":"wp","href":"https:\/\/api.w.org\/{rel}","templated":true}]}}