{"id":112162,"date":"2023-07-11T10:48:58","date_gmt":"2023-07-11T13:48:58","guid":{"rendered":"https:\/\/tvtecjundiai.com.br\/news\/?p=112162"},"modified":"2023-07-11T10:53:29","modified_gmt":"2023-07-11T13:53:29","slug":"miss-perola-negra-2023-inscricoes-a-partir-de-segunda-feira-17","status":"publish","type":"post","link":"https:\/\/tvtecjundiai.com.br\/news\/2023\/07\/11\/miss-perola-negra-2023-inscricoes-a-partir-de-segunda-feira-17\/","title":{"rendered":"Inscri\u00e7\u00f5es para o Miss P\u00e9rola Negra 2023 come\u00e7am na segunda-feira (17)"},"content":{"rendered":"\n<p>Ap\u00f3s alguns anos sem ser realizado em Jundia\u00ed, est\u00e1 de volta o concurso Miss P\u00e9rola Negra 2023, numa iniciativa da Unidade de Gest\u00e3o de Cultura (UGC), tendo como objetivo valorizar a diversidade \u00e9tnica e sociocultural, bem como divulgar a cultura e a est\u00e9tica afro-brasileira, valorizando a beleza das candidatas.<\/p>\n\n\n\n<p>O concurso tamb\u00e9m tem como proposta fomentar a potencialidade e empoderamento da mulher negra e dar visibilidade \u00e0 Candidata eleita Miss P\u00e9rola Negra, nas a\u00e7\u00f5es socioculturais, desenvolvidas no munic\u00edpio e premiar em aporte financeiro (R$ 6 mil) a eleita do concurso.<\/p>\n\n\n\n<p>Interessadas em participar do concurso poder\u00e3o se inscrever gratuitamente de 17 de julho at\u00e9 31 de agosto, por meio do Formul\u00e1rio&nbsp;<em>Google Online<\/em>, acess\u00edvel atrav\u00e9s do endere\u00e7o eletr\u00f4nico:&nbsp;<a href=\"https:\/\/docs.google.com\/forms\/d\/e\/1FAIpQLSfmBSOJWlZttvc7Am9zkDtt6Yd3kSH_17hn0mtYhxvJ41Yy8g\/closedform\" target=\"_blank\" rel=\"noreferrer noopener\">https:\/\/docs.google.com\/forms\/d\/e\/1FAIpQLSfmBSOJWlZttvc7Am9zkDtt6Yd3kSH_17hn0mtYhxvJ41Yy8g\/closedform<\/a>&nbsp;obedecendo as seguintes exig\u00eancias:<\/p>\n\n\n\n<p>Ter no m\u00ednimo, 18 (dezoito) e, no m\u00e1ximo, 35 (trinta e cinco) anos completos ou a serem completados at\u00e9 o \u00faltimo dia da inscri\u00e7\u00e3o;&nbsp;<\/p>\n\n\n\n<p>Residam no Munic\u00edpio de Jundia\u00ed h\u00e1, pelo menos, 02 (dois) anos;&nbsp;&nbsp;<\/p>\n\n\n\n<p>Possuam, pelo menos, 03 (tr\u00eas) fen\u00f3tipos negr\u00f3ides: tom de pele, l\u00e1bios grandes e carnudos, cabelos cacheados, ondulados ou crespos, nariz com dorso largo.<\/p>\n\n\n<div class=\"wp-block-image\">\n<figure class=\"aligncenter size-large is-resized\"><img loading=\"lazy\" decoding=\"async\" src=\"https:\/\/tvtecjundiai.com.br\/news\/wp-content\/uploads\/sites\/2\/2023\/07\/foto-miss-perola-negra-1-1280x720-1-1200x675.png\" alt=\"\" class=\"wp-image-112163\" width=\"840\" height=\"472\" srcset=\"https:\/\/tvtecjundiai.com.br\/news\/wp-content\/uploads\/sites\/2\/2023\/07\/foto-miss-perola-negra-1-1280x720-1-1200x675.png 1200w, https:\/\/tvtecjundiai.com.br\/news\/wp-content\/uploads\/sites\/2\/2023\/07\/foto-miss-perola-negra-1-1280x720-1-300x169.png 300w, https:\/\/tvtecjundiai.com.br\/news\/wp-content\/uploads\/sites\/2\/2023\/07\/foto-miss-perola-negra-1-1280x720-1-768x432.png 768w, https:\/\/tvtecjundiai.com.br\/news\/wp-content\/uploads\/sites\/2\/2023\/07\/foto-miss-perola-negra-1-1280x720-1.png 1280w\" sizes=\"auto, (max-width: 840px) 100vw, 840px\" \/><figcaption class=\"wp-element-caption\">Concurso Miss P\u00e9rola Negra 2023, numa iniciativa da Unidade de Gest\u00e3o de Cultura (UGC), tendo como objetivo valorizar a diversidade \u00e9tnica e sociocultural<\/figcaption><\/figure>\n<\/div>\n\n\n<p><strong>DOCUMENTA\u00c7\u00c3O<\/strong><\/p>\n\n\n\n<ol class=\"wp-block-list\" type=\"a\">\n<li>Nome completo, nome social (se o caso) e nome art\u00edstico (se houver);<\/li>\n\n\n\n<li>CPF e RG ou CNH;<\/li>\n\n\n\n<li>Data de nascimento;<\/li>\n\n\n\n<li>Telefone e e-mail;<\/li>\n\n\n\n<li>Endere\u00e7o completo e 02 (dois) comprovantes de resid\u00eancia em nome da candidata (ver item 3.1.1), sendo um referente ao ano de 2023 e outro anterior que comprove, no m\u00ednimo, 24 (vinte e quatro) meses de moradia no munic\u00edpio de Jundia\u00ed;&nbsp;<\/li>\n\n\n\n<li>Altura e peso;<\/li>\n\n\n\n<li>Profiss\u00e3o (se houver);<\/li>\n\n\n\n<li>Local e telefone do trabalho (se houver);<\/li>\n\n\n\n<li>Escolaridade;<\/li>\n\n\n\n<li>Cursos complementares (se houver);<\/li>\n\n\n\n<li>Hist\u00f3rico de atua\u00e7\u00e3o em a\u00e7\u00f5es sociais e culturais (embora este item n\u00e3o seja obrigat\u00f3rio para a inscri\u00e7\u00e3o, ressalta-se que essa condi\u00e7\u00e3o ser\u00e1 considerada para pontua\u00e7\u00e3o final conforme descrito no item 8.2, al\u00ednea \u201ca\u201d, deste edital);<\/li>\n\n\n\n<li>Informar patrocinadores e se representa alguma institui\u00e7\u00e3o (quando o caso);<\/li>\n\n\n\n<li>02 (duas) fotos, em alta resolu\u00e7\u00e3o, sendo uma de rosto e outra de corpo inteiro;<\/li>\n\n\n\n<li>Preenchimento e envio assinado do Anexo I \u2013 Cess\u00e3o de Imagem;<\/li>\n\n\n\n<li>Preenchimento e envio assinado do Anexo II \u2013 Autodeclara\u00e7\u00e3o.&nbsp;<\/li>\n<\/ol>\n\n\n\n<p><strong>QUANDO<\/strong><\/p>\n\n\n\n<p>A escolha da eleita ser\u00e1 no dia 25\/10\/2023, no Teatro Polytheama, mas ocorrer\u00e3o ensaios preparat\u00f3rios antes, e conforme a quantidade de inscritas, haver\u00e1 sele\u00e7\u00e3o conforme cronograma abaixo:<\/p>\n\n\n\n<p>ETAPA I: Realizada no Espa\u00e7o Expressa \u2013 Sala Santos Jundia\u00ed, Av dos Ferrovi\u00e1rios, n. 1760 \u2013 Centro:<\/p>\n\n\n\n<p>a)&nbsp;1\u00ba Ensaio: Dia 09\/10\/2023, segunda-feira, das 18h30 \u2013 21h00 (traje livre).<\/p>\n\n\n\n<p>b)&nbsp;2\u00ba Ensaio: Dia 10\/10\/2023, ter\u00e7a-feira, das 18h30 \u2013 21h00 (traje livre)<\/p>\n\n\n\n<p>c)&nbsp;Desfile Seletivo: Dia 11\/10\/2023, quarta-feira, a partir das 18h30 (traje camiseta branca e cal\u00e7a jeans).<\/p>\n\n\n\n<p>Nesta etapa, ser\u00e3o selecionadas, em ordem decrescente e conforme crit\u00e9rios de julgamento descritos no item 8., as 40 (quarenta) candidatas com as melhores pontua\u00e7\u00f5es que participar\u00e3o da ETAPA II, conforme segue:<\/p>\n\n\n\n<p>ETAPA II: Realizada no Clube Beneficente Cultural Recreativo Jundiaiense 28 de Setembro, Rua Petronilha Antunes n. 363 \u2013 Centro:<\/p>\n\n\n\n<p>a)&nbsp; &nbsp; 1\u00ba Ensaio: Dia 19\/10\/2023, quinta-feira \u2013 das 18h30 \u00e0s 21h00 (traje livre);<\/p>\n\n\n\n<p>b)&nbsp; &nbsp; 2\u00ba Ensaio: Dia 20\/10\/2023, sexta-feira \u2013 das 18h30 \u00e0s 21h00 (traje livre);<\/p>\n\n\n\n<p>c) &nbsp; &nbsp; Desfile seletivo: Dia 21\/10\/2023, s\u00e1bado \u2013 a partir das 18h30 (traje camiseta branca e cal\u00e7a jeans).<\/p>\n\n\n\n<p>Nesta etapa, ser\u00e3o selecionadas, em ordem decrescente e conforme crit\u00e9rios de julgamento descritos no item 8., as 20 (vinte) candidatas com as melhores pontua\u00e7\u00f5es que participar\u00e3o da ETAPA III \u2013 Final do Concurso, conforme segue:<\/p>\n\n\n\n<p>ETAPA III: Realizada no Teatro Polytheama \u2013 Rua Bar\u00e3o de Jundia\u00ed, n. 176 \u2013 Centro:<\/p>\n\n\n\n<p>a) Ensaio para a final: Dia 23\/10\/2023, ter\u00e7a-feira \u2013 das 18h30 \u2013 21h00 (traje livre);<\/p>\n\n\n\n<p>b) Desfile final: Dia 25\/10\/2023, quarta-feira, a partir das 19h30 (traje Moda Afro ou Moda Festa)<\/p>\n\n\n\n<p>As ETAPAS descritas neste certame estar\u00e3o relacionadas ao quantitativo das inscri\u00e7\u00f5es habilitadas, considerando que:&nbsp;<\/p>\n\n\n\n<ol class=\"wp-block-list\" type=\"a\">\n<li>Caso o n\u00famero de inscritas habilitadas seja at\u00e9 20 (vinte) candidatas ser\u00e1 realizada, somente, a ETAPA III;<\/li>\n\n\n\n<li>Caso o n\u00famero de inscritas habilitadas seja at\u00e9 40 (quarenta) candidatas ser\u00e3o realizadas, somente, as ETAPAS II e III;<\/li>\n\n\n\n<li>Caso o n\u00famero de inscritas habilitadas seja at\u00e9 60 (sessenta) candidatas ser\u00e3o realizadas todas as ETAPAS;&nbsp;&nbsp;<\/li>\n\n\n\n<li>Caso o n\u00famero de inscritas habilitadas seja superior a 60 (sessenta) candidatas habilitadas caber\u00e1 a Unidade de Gest\u00e3o de Cultura viabilizar mais etapas, se assim julgar necess\u00e1rio, a serem divulgadas oportunamente.&nbsp;<\/li>\n<\/ol>\n\n\n\n<p><strong><em>Fonte \/ Imagem: Prefeitura de Jundia\u00ed<\/em><\/strong><\/p>\n","protected":false},"excerpt":{"rendered":"<p>O Concurso Miss P\u00e9rola Negra 2023, \u00e9 uma iniciativa da Unidade de Gest\u00e3o de Cultura <\/p>\n","protected":false},"author":30,"featured_media":112163,"comment_status":"closed","ping_status":"0","sticky":false,"template":"","format":"standard","meta":{"footnotes":""},"categories":[2833,8356,1],"tags":[],"class_list":["post-112162","post","type-post","status-publish","format-standard","has-post-thumbnail","hentry","category-cultura","category-jundiai","category-noticias"],"_links":{"self":[{"href":"https:\/\/tvtecjundiai.com.br\/news\/wp-json\/wp\/v2\/posts\/112162","targetHints":{"allow":["GET"]}}],"collection":[{"href":"https:\/\/tvtecjundiai.com.br\/news\/wp-json\/wp\/v2\/posts"}],"about":[{"href":"https:\/\/tvtecjundiai.com.br\/news\/wp-json\/wp\/v2\/types\/post"}],"author":[{"embeddable":true,"href":"https:\/\/tvtecjundiai.com.br\/news\/wp-json\/wp\/v2\/users\/30"}],"replies":[{"embeddable":true,"href":"https:\/\/tvtecjundiai.com.br\/news\/wp-json\/wp\/v2\/comments?post=112162"}],"version-history":[{"count":2,"href":"https:\/\/tvtecjundiai.com.br\/news\/wp-json\/wp\/v2\/posts\/112162\/revisions"}],"predecessor-version":[{"id":112168,"href":"https:\/\/tvtecjundiai.com.br\/news\/wp-json\/wp\/v2\/posts\/112162\/revisions\/112168"}],"wp:featuredmedia":[{"embeddable":true,"href":"https:\/\/tvtecjundiai.com.br\/news\/wp-json\/wp\/v2\/media\/112163"}],"wp:attachment":[{"href":"https:\/\/tvtecjundiai.com.br\/news\/wp-json\/wp\/v2\/media?parent=112162"}],"wp:term":[{"taxonomy":"category","embeddable":true,"href":"https:\/\/tvtecjundiai.com.br\/news\/wp-json\/wp\/v2\/categories?post=112162"},{"taxonomy":"post_tag","embeddable":true,"href":"https:\/\/tvtecjundiai.com.br\/news\/wp-json\/wp\/v2\/tags?post=112162"}],"curies":[{"name":"wp","href":"https:\/\/api.w.org\/{rel}","templated":true}]}}