{"id":112169,"date":"2023-07-13T09:42:32","date_gmt":"2023-07-13T12:42:32","guid":{"rendered":"https:\/\/tvtecjundiai.com.br\/news\/?p=112169"},"modified":"2023-07-13T09:50:00","modified_gmt":"2023-07-13T12:50:00","slug":"galpao-criativo-traz-tendencias-em-moda-feminina-e-pet","status":"publish","type":"post","link":"https:\/\/tvtecjundiai.com.br\/news\/2023\/07\/13\/galpao-criativo-traz-tendencias-em-moda-feminina-e-pet\/","title":{"rendered":"Galp\u00e3o Criativo traz tend\u00eancias em moda feminina e pet"},"content":{"rendered":"\n<p>A 6\u00aa edi\u00e7\u00e3o do Galp\u00e3o Criativo, iniciativa da Prefeitura de Jundia\u00ed e da Funda\u00e7\u00e3o Escola TVTEC Jundia\u00ed, ser\u00e1 realizada neste s\u00e1bado (15), das 10h \u00e0s 18h. O evento promove diversidade, inclus\u00e3o, sustentabilidade e oportunidades de gera\u00e7\u00e3o de renda. O Galp\u00e3o \u00e9 aberto ao p\u00fablico e conta com programa\u00e7\u00e3o musical, apresenta\u00e7\u00f5es culturais, espa\u00e7o gastron\u00f4mico e espa\u00e7o kids.<\/p>\n\n\n\n<p>Segundo a superintendente da FTVTEC, M\u00f4nica Gropelo,\u00a0a 6\u00aa edi\u00e7\u00e3o do Galp\u00e3o Criativo contar\u00e1 com a participa\u00e7\u00e3o de novos criativos. &#8220;Temos mais de 200 pessoas j\u00e1 preparadas para o evento. Infelizmente n\u00e3o podemos incluir todos, por isso realizamos um sorteio, mas estamos trabalhando para agilizar esse processo. Preparamos os participantes, fornecendo recursos e t\u00e9cnicas para que possam desenvolver todo o seu potencial intelectual, criativo e tamb\u00e9m habilidades de vendas&#8221;, explicou M\u00f4nica.<\/p>\n\n\n<div class=\"wp-block-image\">\n<figure class=\"aligncenter size-large is-resized\"><img loading=\"lazy\" decoding=\"async\" src=\"https:\/\/tvtecjundiai.com.br\/news\/wp-content\/uploads\/sites\/2\/2023\/07\/demaria2-857x960.jpeg\" alt=\"\" class=\"wp-image-112264\" width=\"614\" height=\"687\" srcset=\"https:\/\/tvtecjundiai.com.br\/news\/wp-content\/uploads\/sites\/2\/2023\/07\/demaria2-857x960.jpeg 857w, https:\/\/tvtecjundiai.com.br\/news\/wp-content\/uploads\/sites\/2\/2023\/07\/demaria2-300x336.jpeg 300w, https:\/\/tvtecjundiai.com.br\/news\/wp-content\/uploads\/sites\/2\/2023\/07\/demaria2-768x860.jpeg 768w, https:\/\/tvtecjundiai.com.br\/news\/wp-content\/uploads\/sites\/2\/2023\/07\/demaria2.jpeg 886w\" sizes=\"auto, (max-width: 614px) 100vw, 614px\" \/><figcaption class=\"wp-element-caption\">Isabella de Maria, da &#8216;De Maria Moda&#8217;, est\u00e1 animada em participar do Galp\u00e3o<\/figcaption><\/figure>\n<\/div>\n\n\n<p><\/p>\n\n\n\n<p>Isabella de Maria, propriet\u00e1ria da loja de roupas on-line &#8220;De Maria Moda&#8221;, est\u00e1 animada em participar do Galp\u00e3o Criativo pela primeira vez. Fundada no ano de 2021, a marca tem como objetivo oferecer estilo e eleg\u00e2ncia \u00e0s clientes, com uma abordagem inovadora. \u201cConheci o Galp\u00e3o Criativo atrav\u00e9s de uma amiga, que tamb\u00e9m estava envolvida no evento. Achei legal a cidade estar realizando esse movimento e me interessei pela divulga\u00e7\u00e3o do comercio local\u201d, relata.<\/p>\n\n\n\n<p>Com a oportunidade de atingir um p\u00fablico mais amplo e fortalecer sua marca no mercado, Isabella tem grandes planos para o evento. &#8220;Minhas expectativas s\u00e3o divulgar meu trabalho para o com\u00e9rcio local e gerar vendas. Passei por todas as etapas e qualifica\u00e7\u00f5es necess\u00e1rias para participar do Galp\u00e3o Criativo e gostei muito das qualifica\u00e7\u00f5es no ramo do marketing, por me auxiliar bastante na loja, j\u00e1 que ela \u00e9 on-line\u201d, comenta Isabella.<\/p>\n\n\n<div class=\"wp-block-image\">\n<figure class=\"aligncenter size-large is-resized\"><img loading=\"lazy\" decoding=\"async\" src=\"https:\/\/tvtecjundiai.com.br\/news\/wp-content\/uploads\/sites\/2\/2023\/07\/WhatsApp-Image-2023-07-12-at-15.56.40-1200x900.jpeg\" alt=\"\" class=\"wp-image-112282\" width=\"740\" height=\"555\" srcset=\"https:\/\/tvtecjundiai.com.br\/news\/wp-content\/uploads\/sites\/2\/2023\/07\/WhatsApp-Image-2023-07-12-at-15.56.40-1200x900.jpeg 1200w, https:\/\/tvtecjundiai.com.br\/news\/wp-content\/uploads\/sites\/2\/2023\/07\/WhatsApp-Image-2023-07-12-at-15.56.40-300x225.jpeg 300w, https:\/\/tvtecjundiai.com.br\/news\/wp-content\/uploads\/sites\/2\/2023\/07\/WhatsApp-Image-2023-07-12-at-15.56.40-768x576.jpeg 768w, https:\/\/tvtecjundiai.com.br\/news\/wp-content\/uploads\/sites\/2\/2023\/07\/WhatsApp-Image-2023-07-12-at-15.56.40.jpeg 1280w\" sizes=\"auto, (max-width: 740px) 100vw, 740px\" \/><figcaption class=\"wp-element-caption\">Com a moda para pet, Ivani de Jesus espera agradar os visitantes do Galp\u00e3o<\/figcaption><\/figure>\n<\/div>\n\n\n<p><\/p>\n\n\n\n<p>Tamb\u00e9m estreando no Galp\u00e3o Criativo, a propriet\u00e1ria da Animal Vest, Ivani de Jesus Ferreira Oliveira, est\u00e1 entusiasmada com essa oportunidade. &#8220;A Animal Vest \u00e9 uma loja especializada em roupas e acess\u00f3rios para pets. Sempre tive paix\u00e3o por costurar e decidi criar roupas para os meus pr\u00f3prios animais de estima\u00e7\u00e3o. Em seguida, fiz um curso relacionado \u00e0 moda pet e me apaixonei. Em resumo, consegui unir minha paix\u00e3o por costura ao meu amor pela moda pet, criando tudo com muito carinho e dedica\u00e7\u00e3o. Espero que com o Galp\u00e3o Criativo eu consiga mostrar meu trabalho para um p\u00fablico maior e fazer boas vendas&#8221;, conta Ivani.<\/p>\n\n\n\n<p><strong>Galp\u00e3o Criativo<\/strong><\/p>\n\n\n\n<p><strong>Data:<\/strong>&nbsp;15 de julho<\/p>\n\n\n\n<p><strong>Local:<\/strong>&nbsp;Avenida Dr. Cavalcanti, 396, Complexo Argos \u2013 TVTEC Jundia\u00ed<\/p>\n\n\n\n<p><strong>Hor\u00e1rio:<\/strong>&nbsp;Das 10h \u00e0s 18h<\/p>\n\n\n\n<p>Estacionamento e entrada gratuitos<\/p>\n\n\n\n<p><em><strong>(Fonte: TVTEC Jundia\u00ed\/Imagens: Arquivo Pessoal)<\/strong><\/em><\/p>\n","protected":false},"excerpt":{"rendered":"<p>O evento promove diversidade, inclus\u00e3o, sustentabilidade e gera\u00e7\u00e3o de renda<\/p>\n","protected":false},"author":30,"featured_media":112283,"comment_status":"closed","ping_status":"0","sticky":false,"template":"","format":"standard","meta":{"footnotes":""},"categories":[29,8408,8356,1],"tags":[],"class_list":["post-112169","post","type-post","status-publish","format-standard","has-post-thumbnail","hentry","category-destaque","category-galpao-criativo","category-jundiai","category-noticias"],"_links":{"self":[{"href":"https:\/\/tvtecjundiai.com.br\/news\/wp-json\/wp\/v2\/posts\/112169","targetHints":{"allow":["GET"]}}],"collection":[{"href":"https:\/\/tvtecjundiai.com.br\/news\/wp-json\/wp\/v2\/posts"}],"about":[{"href":"https:\/\/tvtecjundiai.com.br\/news\/wp-json\/wp\/v2\/types\/post"}],"author":[{"embeddable":true,"href":"https:\/\/tvtecjundiai.com.br\/news\/wp-json\/wp\/v2\/users\/30"}],"replies":[{"embeddable":true,"href":"https:\/\/tvtecjundiai.com.br\/news\/wp-json\/wp\/v2\/comments?post=112169"}],"version-history":[{"count":17,"href":"https:\/\/tvtecjundiai.com.br\/news\/wp-json\/wp\/v2\/posts\/112169\/revisions"}],"predecessor-version":[{"id":112326,"href":"https:\/\/tvtecjundiai.com.br\/news\/wp-json\/wp\/v2\/posts\/112169\/revisions\/112326"}],"wp:featuredmedia":[{"embeddable":true,"href":"https:\/\/tvtecjundiai.com.br\/news\/wp-json\/wp\/v2\/media\/112283"}],"wp:attachment":[{"href":"https:\/\/tvtecjundiai.com.br\/news\/wp-json\/wp\/v2\/media?parent=112169"}],"wp:term":[{"taxonomy":"category","embeddable":true,"href":"https:\/\/tvtecjundiai.com.br\/news\/wp-json\/wp\/v2\/categories?post=112169"},{"taxonomy":"post_tag","embeddable":true,"href":"https:\/\/tvtecjundiai.com.br\/news\/wp-json\/wp\/v2\/tags?post=112169"}],"curies":[{"name":"wp","href":"https:\/\/api.w.org\/{rel}","templated":true}]}}